{"id":23084,"date":"2009-07-21T15:26:45","date_gmt":"2009-07-21T15:26:45","guid":{"rendered":"https:\/\/obscom.intervozes.org.br\/wordpress\/?p=23084"},"modified":"2009-07-21T15:26:45","modified_gmt":"2009-07-21T15:26:45","slug":"seae-e-sde-desaprovam-compra-da-chinaglia-pela-dinap","status":"publish","type":"post","link":"https:\/\/obscom.intervozes.org.br\/?p=23084","title":{"rendered":"Seae e SDE desaprovam compra da Chinaglia pela Dinap"},"content":{"rendered":"<p><!-- \t\t@page { margin: 2cm } \t\tP { margin-bottom: 0.21cm } \t--> \t       <\/p>\n<p style=\"margin-bottom: 0cm\" class=\"western padrao\"><span class=\"padrao\">Praticamente dois anos ap&oacute;s o an&uacute;ncio de compra da distribuidora Fernando Chinaglia pela Distribuidora Nacional de Publica&ccedil;&atilde;o (Dinap), do Grupo Abril, a Secretaria de Direito Econ&ocirc;mico do Minist&eacute;rio da Justi&ccedil;a (SDE) e a Secretaria de Acompanhamento Econ&ocirc;mico do Minist&eacute;rio da Fazenda (Seae) posicionaram-se contra a fus&atilde;o das duas maiores distribuidoras de impressos do pa&iacute;s. Tanto o parecer da Seae quando o da SDE recomendam ao Conselho Administrativo de Defesa Econ&ocirc;mica (Cade) a n&atilde;o aprova&ccedil;&atilde;o da opera&ccedil;&atilde;o de compra que, se efetivada, representar&aacute; a concentra&ccedil;&atilde;o de quase 100% do mercado editorial, podendo gerar um desequil&iacute;brio mal&eacute;fico principalmente para as pequenas publica&ccedil;&otilde;es. <\/p>\n<p>Em seu parecer, a Seae afirma que &ldquo;os benef&iacute;cios oriundos da unifica&ccedil;&atilde;o da opera&ccedil;&atilde;o n&atilde;o justificam os preju&iacute;zos potenciais decorrentes da aus&ecirc;ncia de rivalidade no mercado editorial brasileiro&rdquo;. O &oacute;rg&atilde;o do Minist&eacute;rio da Justi&ccedil;a recomenda ao Cade que a opera&ccedil;&atilde;o n&atilde;o seja aprovada na forma como foi apresentada.<\/p>\n<p><\/span>Tanto a Seae quanto a SDE comp&otilde;em, junto com Cade, o Sistema Brasileiro de Defesa da Concorr&ecirc;ncia (SBDC) e s&atilde;o respons&aacute;veis por garantir que opera&ccedil;&otilde;es de fus&atilde;o e aquisi&ccedil;&atilde;o como esta n&atilde;o representem preju&iacute;zos nem para os consumidores nem para os concorrentes de menor porte. Os pareceres dos dois &oacute;rg&atilde;os foram encaminhados para julgamento do Cade, que &eacute; o &oacute;rg&atilde;o respons&aacute;vel pela decis&atilde;o final. N&atilde;o h&aacute; previs&atilde;o, entretanto, de publica&ccedil;&atilde;o da decis&atilde;o do conselho, mas ser&aacute; dif&iacute;cil que o conselho tome decis&atilde;o contr&aacute;ria &agrave;s opini&otilde;es expressas pela Seae e SDE, visto que os pareceres s&atilde;o sempre levados em considera&ccedil;&atilde;o.<\/p>\n<p>A Dinap representa 70% do mercado de distribui&ccedil;&atilde;o de publica&ccedil;&otilde;es no Brasil e &eacute; uma empresa do Grupo Abril, que por sua vez &eacute; tamb&eacute;m uma das maiores editoras do pa&iacute;s respons&aacute;vel. Por sua vez, a Fernando Chinaglia &eacute; respons&aacute;vel pela distribui&ccedil;&atilde;o de publica&ccedil;&otilde;es que concorrem diretamente com os produtos da Abril, comono caso das revistas semanais &Eacute;poca, da Editora Globo, e da revista Carta Capital. <\/p>\n<p>Outras tantas pequenas publica&ccedil;&otilde;es s&atilde;o distribu&iacute;das pela Fernando Chinaglia, que &eacute; respons&aacute;vel por praticamente os outros 30% do mercado de distribui&ccedil;&atilde;o de publica&ccedil;&otilde;es. <\/p>\n<p>No final de 2008, o Cade editou uma medida cautela para preservar as condi&ccedil;&otilde;es de reversibilidade da opera&ccedil;&atilde;o de compra, que ainda se encontrava em an&aacute;lise pelo &oacute;rg&atilde;o. Com isso, o conselho vetou a realiza&ccedil;&atilde;o de qualquer opera&ccedil;&atilde;o de natureza societ&aacute;ria que envolvesse as empresas, bem como indicou manter independente os gestores para administra&ccedil;&atilde;o tanto da Fernando Chinaglia quanto da Treelog S.A., empresa que foi criada para representar a unifica&ccedil;&atilde;o. <\/p>\n<p>A medida cautelar por sua vez corroborou pedido feito pelo Instituto de Defesa do Consumidor (Idec) e pelo Intervozes &ndash; Coletivo Brasil de Comunica&ccedil;&atilde;o Social de impugna&ccedil;&atilde;o do Ato de Concentra&ccedil;&atilde;o encaminhando pelo Grupo Abril ao Cade. <\/p>\n<p>Em mat&eacute;ria publicada neste Observat&oacute;rio por ocasi&atilde;o da ado&ccedil;&atilde;o da medida cautelar por parte do Cade, o ent&atilde;o advogado do Idec, Luiz Moncau, disse que o monop&oacute;lio na distribui&ccedil;&atilde;o poderia diminuir os conte&uacute;dos dispon&iacute;veis ao cidad&atilde;o. &ldquo;T&atilde;o importante quanto a quest&atilde;o dos pre&ccedil;os &eacute; a possibilidade de que haja redu&ccedil;&atilde;o no n&uacute;mero de publica&ccedil;&otilde;es, j&aacute; que a &uacute;nica distribuidora, agora de controle do Grupo Abril, pode n&atilde;o ter interesse no conte&uacute;do veiculado por outra editora e passa a contar com os instrumentos para interferir de maneira a lesar concorrentes. Com isso, perde o consumidor, que n&atilde;o ter&aacute; acesso &agrave; toda diversidade de conte&uacute;dos que estaria dispon&iacute;vel caso houvesse concorr&ecirc;ncia.&rdquo;<\/p>\n","protected":false},"excerpt":{"rendered":"<p>Fus\u00e3o das duas maiores distribuidoras de publica\u00e7\u00f5es do pa\u00eds geraria preju\u00edzos aos consumidores e aos concorrentes de menor porte, afirmam os dois \u00f3rg\u00e3os do Sistema Brasileiro de Defesa da Concorr\u00eancia<\/p>\n","protected":false},"author":1,"featured_media":0,"comment_status":"open","ping_status":"open","sticky":false,"template":"","format":"standard","meta":{"footnotes":""},"categories":[40],"tags":[552],"_links":{"self":[{"href":"https:\/\/obscom.intervozes.org.br\/index.php?rest_route=\/wp\/v2\/posts\/23084"}],"collection":[{"href":"https:\/\/obscom.intervozes.org.br\/index.php?rest_route=\/wp\/v2\/posts"}],"about":[{"href":"https:\/\/obscom.intervozes.org.br\/index.php?rest_route=\/wp\/v2\/types\/post"}],"author":[{"embeddable":true,"href":"https:\/\/obscom.intervozes.org.br\/index.php?rest_route=\/wp\/v2\/users\/1"}],"replies":[{"embeddable":true,"href":"https:\/\/obscom.intervozes.org.br\/index.php?rest_route=%2Fwp%2Fv2%2Fcomments&post=23084"}],"version-history":[{"count":0,"href":"https:\/\/obscom.intervozes.org.br\/index.php?rest_route=\/wp\/v2\/posts\/23084\/revisions"}],"wp:attachment":[{"href":"https:\/\/obscom.intervozes.org.br\/index.php?rest_route=%2Fwp%2Fv2%2Fmedia&parent=23084"}],"wp:term":[{"taxonomy":"category","embeddable":true,"href":"https:\/\/obscom.intervozes.org.br\/index.php?rest_route=%2Fwp%2Fv2%2Fcategories&post=23084"},{"taxonomy":"post_tag","embeddable":true,"href":"https:\/\/obscom.intervozes.org.br\/index.php?rest_route=%2Fwp%2Fv2%2Ftags&post=23084"}],"curies":[{"name":"wp","href":"https:\/\/api.w.org\/{rel}","templated":true}]}}