{"id":23076,"date":"2009-07-20T13:00:31","date_gmt":"2009-07-20T13:00:31","guid":{"rendered":"https:\/\/obscom.intervozes.org.br\/wordpress\/?p=23076"},"modified":"2009-07-20T13:00:31","modified_gmt":"2009-07-20T13:00:31","slug":"tv-brasil-lanca-pitching-de-serie-inedita-para-produtores-independentes","status":"publish","type":"post","link":"https:\/\/obscom.intervozes.org.br\/?p=23076","title":{"rendered":"TV Brasil lan\u00e7a pitching de s\u00e9rie in\u00e9dita para produtores independentes"},"content":{"rendered":"<p> \t<!-- \t\t@page { margin: 2cm } \t\tP { margin-bottom: 0.21cm } \t--> \t   <\/p>\n<p style=\"margin-bottom: 0cm\" class=\"western padrao\">A TV Brasil anunciou hoje o primeiro edital para produtores independentes, na modalidade pitching, abordando o tema &ldquo;Meio Ambiente e Sustentabilidade&rdquo;. Na presen&ccedil;a de cerca de 50 representantes das principais entidades do setor audiovisual, a diretora-presidente da EBC\/TV Brasil, Tereza Cruvinel, informou que as inscri&ccedil;&otilde;es para o concurso j&aacute; poder&atilde;o ser feitas a partir de amanh&atilde; ( 17) at&eacute; 2 de setembro. <\/p>\n<p>Desde a sua cria&ccedil;&atilde;o, a TV Brasil tem estudado a melhor forma de aquisi&ccedil;&atilde;o de programas realizados pela produ&ccedil;&atilde;o independente. Neste contexto, a presidente da EBC considera que o formato pitching &eacute; o que melhor atende &agrave; empresa e ao mercado. &ldquo;Todo o processo tem que estar de acordo com a Lei de licita&ccedil;&otilde;es 8.666, do governo federal&#39;, lembrou ela. <\/p>\n<p>&ldquo;&Eacute; o nosso projeto pioneiro, o nosso piloto. Temos a humildade de dizer que &eacute; uma primeira experi&ecirc;ncia e um aprendizado, para que possamos aperfei&ccedil;oar os pr&oacute;ximos concursos&rdquo;, disse Tereza Cruvinel. <\/p>\n<p>A proposta da TV Brasil foi bem recebida pelos representantes do setor audiovisual. &ldquo;Quero registrar a revolu&ccedil;&atilde;o na produ&ccedil;&atilde;o independente que voc&ecirc;s est&atilde;o fazendo&rdquo;, afirmou com entusiasmo o produtor Ricardo Carvalho, da Fotoss&iacute;ntese de S&atilde;o Paulo. O presidente da ABPI ( Associa&ccedil;&atilde;o Brasileira dos Produtores Independentes de Televis&atilde;o) Fernando Dias, parabenizou a iniciativa da TV P&uacute;blica e ofereceu apoio ao projeto, desejando que ele seja &ldquo;adequado para a grade de programa&ccedil;&atilde;o da emissora&rdquo;. <\/p>\n<p><strong>Edital<\/strong><\/p>\n<p>O edital ser&aacute; publicado amanh&atilde; e est&aacute; &agrave; disposi&ccedil;&atilde;o nos sites da TV Brasil e EBC. O objetivo do pitching &eacute; contratar um s&eacute;rie in&eacute;dita de programas para televis&atilde;o, composta por 36 epis&oacute;dios de 36 min cada, em regime de co-produ&ccedil;&atilde;o com produtores independentes. Esses programas ser&atilde;o exibidos na TV Brasil e canais da EBC ou associados no Brasil e no exterior. <\/p>\n<p>O concurso ter&aacute; duas etapas. Na primeira, ser&aacute; feita uma pr&eacute; sele&ccedil;&atilde;o de 10 projetos t&eacute;cnicos. Em seguida, haver&aacute; uma sele&ccedil;&atilde;o final da s&eacute;rie, em sess&atilde;o p&uacute;blica e aberta, com exibi&ccedil;&atilde;o de fita e defesa oral da proposta ( o pitching propriamente dito). <\/p>\n<p>O resultado final do concurso ser&aacute; divulgado no dia 26 de outubro, com in&iacute;cio da exibi&ccedil;&atilde;o da s&eacute;rie escolhida em mar&ccedil;o do pr&oacute;ximo ano. <\/p>\n<p>Participaram do an&uacute;ncio oficial do pitching, o diretor-geral, Paulo Rufino; o diretor de produ&ccedil;&atilde;o, Roberto Faustino, e o diretor- presidente da Acerp, Arnaldo Cesar. <\/p>\n<p>Para Mais informa&ccedil;&otilde;es, acesse os sites da TV Brasil, <a href=\"http:\/\/www.tvbrasil.org\" target=\"_blank\">www.tvbrasil.org<\/a>  e da EBC, <a href=\"http:\/\/www.ebc.com.br\" target=\"_blank\">www.ebc.com.br<\/a>  .<\/p>\n<p><strong>Calend&aacute;rio do pitching<br \/><\/strong>Per&iacute;odo de inscri&ccedil;&atilde;o e habilita&ccedil;&atilde;o: 20\/07 a 02\/09 <br \/>Divulga&ccedil;&atilde;o dos pr&eacute;-selecionados: 08\/09 <br \/>Divulga&ccedil;&atilde;o de resultado da primeira etapa: 30\/09 <br \/>Data do Pitching: 14\/10 <br \/>Divulga&ccedil;&atilde;o do resultado final: 26\/10  <\/p>\n","protected":false},"excerpt":{"rendered":"<p>A TV Brasil anunciou hoje o primeiro edital para produtores independentes, na modalidade pitching, abordando o tema &ldquo;Meio Ambiente e Sustentabilidade&rdquo;. Na presen&ccedil;a de cerca de 50 representantes das principais entidades do setor audiovisual, a diretora-presidente da EBC\/TV Brasil, Tereza Cruvinel, informou que as inscri&ccedil;&otilde;es para o concurso j&aacute; poder&atilde;o ser feitas a partir de &hellip; <a href=\"https:\/\/obscom.intervozes.org.br\/?p=23076\" class=\"more-link\">Continue lendo <span class=\"screen-reader-text\">TV Brasil lan\u00e7a pitching de s\u00e9rie in\u00e9dita para produtores independentes<\/span> <span class=\"meta-nav\">&rarr;<\/span><\/a><\/p>\n","protected":false},"author":1,"featured_media":0,"comment_status":"open","ping_status":"open","sticky":false,"template":"","format":"standard","meta":{"footnotes":""},"categories":[40],"tags":[754],"_links":{"self":[{"href":"https:\/\/obscom.intervozes.org.br\/index.php?rest_route=\/wp\/v2\/posts\/23076"}],"collection":[{"href":"https:\/\/obscom.intervozes.org.br\/index.php?rest_route=\/wp\/v2\/posts"}],"about":[{"href":"https:\/\/obscom.intervozes.org.br\/index.php?rest_route=\/wp\/v2\/types\/post"}],"author":[{"embeddable":true,"href":"https:\/\/obscom.intervozes.org.br\/index.php?rest_route=\/wp\/v2\/users\/1"}],"replies":[{"embeddable":true,"href":"https:\/\/obscom.intervozes.org.br\/index.php?rest_route=%2Fwp%2Fv2%2Fcomments&post=23076"}],"version-history":[{"count":0,"href":"https:\/\/obscom.intervozes.org.br\/index.php?rest_route=\/wp\/v2\/posts\/23076\/revisions"}],"wp:attachment":[{"href":"https:\/\/obscom.intervozes.org.br\/index.php?rest_route=%2Fwp%2Fv2%2Fmedia&parent=23076"}],"wp:term":[{"taxonomy":"category","embeddable":true,"href":"https:\/\/obscom.intervozes.org.br\/index.php?rest_route=%2Fwp%2Fv2%2Fcategories&post=23076"},{"taxonomy":"post_tag","embeddable":true,"href":"https:\/\/obscom.intervozes.org.br\/index.php?rest_route=%2Fwp%2Fv2%2Ftags&post=23076"}],"curies":[{"name":"wp","href":"https:\/\/api.w.org\/{rel}","templated":true}]}}