{"id":23072,"date":"2009-07-17T16:57:42","date_gmt":"2009-07-17T16:57:42","guid":{"rendered":"https:\/\/obscom.intervozes.org.br\/wordpress\/?p=23072"},"modified":"2009-07-17T16:57:42","modified_gmt":"2009-07-17T16:57:42","slug":"portugal-telecom-defende-reducao-da-carga-tributaria","status":"publish","type":"post","link":"https:\/\/obscom.intervozes.org.br\/?p=23072","title":{"rendered":"Portugal Telecom defende redu\u00e7\u00e3o da carga tribut\u00e1ria"},"content":{"rendered":"<p>   \t \t \t \t \t<!-- \t\t@page { margin: 2cm } \t\tP { margin-bottom: 0.21cm } \t--> \t  <\/p>\n<p style=\"margin-bottom: 0cm\" class=\"western\"><span class=\"padrao\">O presidente da Portugal Telecom, Zeinal Bava, disse hoje, depois de se reunir com o presidente Luiz In&aacute;cio Lula da Silva, que a massifica&ccedil;&atilde;o da banda larga e o processo de inclus&atilde;o digital no Brasil deveriam ocorrer de forma mais r&aacute;pida e abrangente, se houvesse a redu&ccedil;&atilde;o da carga tribut&aacute;ria para esses servi&ccedil;os. Bava reiterou que a operadora de telefonia celular Vivo investir&aacute; R$ 2,6 bilh&otilde;es este ano, principalmente na amplia&ccedil;&atilde;o da rede de terceira gera&ccedil;&atilde;o (3G). A operadora portuguesa controla 50% da Vivo e os outros 50% s&atilde;o da espanhola Telef&oacute;nica.<\/p>\n<p>&quot;A Vivo vai honrar os investimentos e a presen&ccedil;a da Portugal Telecom no Brasil &eacute; de longu&iacute;ssimo prazo&quot;, afirmou Bava. Segundo ele, esse compromisso foi reiterado ao presidente Lula. Bava afirmou ainda que nos pr&oacute;ximos tr&ecirc;s anos, a empresa portuguesa pretende alcan&ccedil;ar 100 milh&otilde;es de clientes nos 14 pa&iacute;ses em que atua, incluindo Brasil e pa&iacute;ses da &Aacute;frica. Atualmente, a empresa tem 72 milh&otilde;es de clientes em telefonia fixa, celular e banda larga. &quot;O Brasil &eacute; absolutamente central e estrat&eacute;gico para a Portugal Telecom&quot;, afirmou. Bava disse que &eacute; poss&iacute;vel colocar o Brasil &quot;na linha de frente&quot; do processo de inclus&atilde;o digital e de democratiza&ccedil;&atilde;o dos servi&ccedil;os de telecomunica&ccedil;&otilde;es se forem criados incentivos tarif&aacute;rios, que tornam os servi&ccedil;os mais atrativos ao consumidor.<\/p>\n<p>Bava n&atilde;o quis comentar not&iacute;cias da imprensa europeia de que a empresa espanhola Telef&oacute;nica e a Telecom It&aacute;lia estariam interessadas em incorporar a Portugal Telecom. Ele tamb&eacute;m evitou falar sobre a possibilidade de constituir parceria com empresas brasileiras para ampliar a atua&ccedil;&atilde;o na &Aacute;frica. Ele deu duas camisetas ao presidente Lula: uma do jogador portugu&ecirc;s Cristiano Ronaldo, do Real Madri, e outra da Sele&ccedil;&atilde;o Portuguesa.<\/p>\n<p>Ao ser perguntado se a Portugal Telecom cogitava vender a sua participa&ccedil;&atilde;o na Vivo para a Telef&oacute;nica ou adquirir 100% de participa&ccedil;&atilde;o na Vivo, ele limitou-se a dizer: &quot;N&oacute;s estamos muito satisfeitos com o investimento na Vivo&quot;.  <\/span><\/p>\n","protected":false},"excerpt":{"rendered":"<p>O presidente da Portugal Telecom, Zeinal Bava, disse hoje, depois de se reunir com o presidente Luiz In&aacute;cio Lula da Silva, que a massifica&ccedil;&atilde;o da banda larga e o processo de inclus&atilde;o digital no Brasil deveriam ocorrer de forma mais r&aacute;pida e abrangente, se houvesse a redu&ccedil;&atilde;o da carga tribut&aacute;ria para esses servi&ccedil;os. Bava reiterou &hellip; <a href=\"https:\/\/obscom.intervozes.org.br\/?p=23072\" class=\"more-link\">Continue lendo <span class=\"screen-reader-text\">Portugal Telecom defende redu\u00e7\u00e3o da carga tribut\u00e1ria<\/span> <span class=\"meta-nav\">&rarr;<\/span><\/a><\/p>\n","protected":false},"author":1,"featured_media":0,"comment_status":"open","ping_status":"open","sticky":false,"template":"","format":"standard","meta":{"footnotes":""},"categories":[40],"tags":[81],"_links":{"self":[{"href":"https:\/\/obscom.intervozes.org.br\/index.php?rest_route=\/wp\/v2\/posts\/23072"}],"collection":[{"href":"https:\/\/obscom.intervozes.org.br\/index.php?rest_route=\/wp\/v2\/posts"}],"about":[{"href":"https:\/\/obscom.intervozes.org.br\/index.php?rest_route=\/wp\/v2\/types\/post"}],"author":[{"embeddable":true,"href":"https:\/\/obscom.intervozes.org.br\/index.php?rest_route=\/wp\/v2\/users\/1"}],"replies":[{"embeddable":true,"href":"https:\/\/obscom.intervozes.org.br\/index.php?rest_route=%2Fwp%2Fv2%2Fcomments&post=23072"}],"version-history":[{"count":0,"href":"https:\/\/obscom.intervozes.org.br\/index.php?rest_route=\/wp\/v2\/posts\/23072\/revisions"}],"wp:attachment":[{"href":"https:\/\/obscom.intervozes.org.br\/index.php?rest_route=%2Fwp%2Fv2%2Fmedia&parent=23072"}],"wp:term":[{"taxonomy":"category","embeddable":true,"href":"https:\/\/obscom.intervozes.org.br\/index.php?rest_route=%2Fwp%2Fv2%2Fcategories&post=23072"},{"taxonomy":"post_tag","embeddable":true,"href":"https:\/\/obscom.intervozes.org.br\/index.php?rest_route=%2Fwp%2Fv2%2Ftags&post=23072"}],"curies":[{"name":"wp","href":"https:\/\/api.w.org\/{rel}","templated":true}]}}