{"id":23068,"date":"2009-07-16T16:06:32","date_gmt":"2009-07-16T16:06:32","guid":{"rendered":"https:\/\/obscom.intervozes.org.br\/wordpress\/?p=23068"},"modified":"2009-07-16T16:06:32","modified_gmt":"2009-07-16T16:06:32","slug":"brasil-esta-aquem-de-outros-paises-em-termos-de-banda-larga-diz-secretario","status":"publish","type":"post","link":"https:\/\/obscom.intervozes.org.br\/?p=23068","title":{"rendered":"Brasil est\u00e1 aqu\u00e9m de outros pa\u00edses em termos de banda larga, diz secret\u00e1rio"},"content":{"rendered":"<p>   \t \t \t \t \t<!-- \t\t@page { margin: 2cm } \t\tP { margin-bottom: 0.21cm } \t--> \t  <\/p>\n<p style=\"margin-bottom: 0cm\" class=\"western padrao\">As tecnologias da informa&ccedil;&atilde;o e comunica&ccedil;&atilde;o (TICs) e a converg&ecirc;ncia digital s&atilde;o formas de desenvolvimento para o pa&iacute;s. A afirma&ccedil;&atilde;o &eacute; do secret&aacute;rio de Pol&iacute;tica de Inform&aacute;tica (Sepin), Augusto Cesar Gadelha, durante a 61&ordf; Reuni&atilde;o Anual da Sociedade Brasileira para o Progresso da Ci&ecirc;ncia (SBPC). <\/p>\n<p>Segundo ele, o mercado de TICs movimenta anualmente cerca de US$ 3 trilh&otilde;es em todo o mundo, enquanto que o Brasil responde por uma fatia de US$ 80 bilh&otilde;es anuais, ocupando a quinta posi&ccedil;&atilde;o no ranking dos pa&iacute;ses que mais gastam com tecnologias da informa&ccedil;&atilde;o e comunica&ccedil;&atilde;o. <\/p>\n<p>De acordo com o secret&aacute;rio, apesar de atuar na mudan&ccedil;a de comportamento da sociedade, as TICs acontecem de forma t&iacute;mida. &quot;O impacto das tecnologias na vida das pessoas depende muito da infraestrutura. A quest&atilde;o da conectividade ainda &eacute; um embara&ccedil;o que o Brasil precisa resolver. Em pa&iacute;ses desenvolvidos, por exemplo, existem conex&otilde;es de banda larga em alta velocidade com informa&ccedil;&otilde;es instant&acirc;neas. A gente ainda est&aacute; aqu&eacute;m disso. Precisamos de uma informatiza&ccedil;&atilde;o global e tamb&eacute;m de marcos regulat&oacute;rios&quot;, ressaltou. <\/p>\n<p>Gadelha tamb&eacute;m chamou aten&ccedil;&atilde;o para a necessidade de aprova&ccedil;&atilde;o de uma legisla&ccedil;&atilde;o espec&iacute;fica, que determine o funcionamento da rede, estimule investimentos em infraestrutura e favore&ccedil;a o acesso. &quot;Se queremos que o Brasil participe do crescimento da internet junto com os demais pa&iacute;ses precisamos promover a acessibilidade aos indiv&iacute;duos. Nesse sentido, &eacute; preciso que a sociedade tamb&eacute;m seja capacitada e incentivada a utilizar esse meio&quot;, enfatizou. <\/p>\n<p>O secret&aacute;rio falou tamb&eacute;m da gest&atilde;o do Plano de Desenvolvimento da Produ&ccedil;&atilde;o (PDP) e das propostas da Sepin para a desonera&ccedil;&atilde;o tribut&aacute;ria como incentivo &agrave;s empresas produtoras de software. Ele citou os incentivos nas &aacute;reas de semicondutores e software como linhas de financiamentos e bolsas de estudos para a forma&ccedil;&atilde;o de projetistas em circuitos integrados. <\/p>\n<p>&quot;Para a consolida&ccedil;&atilde;o do setor de microeletr&ocirc;nica constru&iacute;mos uma f&aacute;brica no sul do pa&iacute;s, o Centro de Excel&ecirc;ncia em Tecnologia Eletr&ocirc;nica Avan&ccedil;ada (Ceitec). Al&eacute;m disso, est&aacute; em aprova&ccedil;&atilde;o uma lei que desonera os fabricantes de software do pa&iacute;s&quot;, explicou Gadelha. Ele enfatizou que o Ceitec &eacute; uma empresa especializada no desenvolvimento e produ&ccedil;&atilde;o de circuitos integrados de aplica&ccedil;&atilde;o espec&iacute;fica (Asic) e est&aacute; entre suas principais metas inserir o Brasil no mercado global como produtor de semicondutores por meio da implanta&ccedil;&atilde;o de empresas competitivas em microeletr&ocirc;nica, atuando como l&iacute;der e estimulador na forma&ccedil;&atilde;o e capacita&ccedil;&atilde;o de m&atilde;o-de-obra especializada e na moderniza&ccedil;&atilde;o de outros setores industriais na Am&eacute;rica Latina. &quot;O Ceitec &eacute; a primeira do Hemisf&eacute;rio Sul a atuar nesse segmento. J&aacute; temos um modelo de neg&oacute;cio para a atua&ccedil;&atilde;o da f&aacute;brica e temos certeza que ser&aacute; um sucesso&quot;, finalizou.<\/p>\n","protected":false},"excerpt":{"rendered":"<p>As tecnologias da informa&ccedil;&atilde;o e comunica&ccedil;&atilde;o (TICs) e a converg&ecirc;ncia digital s&atilde;o formas de desenvolvimento para o pa&iacute;s. A afirma&ccedil;&atilde;o &eacute; do secret&aacute;rio de Pol&iacute;tica de Inform&aacute;tica (Sepin), Augusto Cesar Gadelha, durante a 61&ordf; Reuni&atilde;o Anual da Sociedade Brasileira para o Progresso da Ci&ecirc;ncia (SBPC). Segundo ele, o mercado de TICs movimenta anualmente cerca de &hellip; <a href=\"https:\/\/obscom.intervozes.org.br\/?p=23068\" class=\"more-link\">Continue lendo <span class=\"screen-reader-text\">Brasil est\u00e1 aqu\u00e9m de outros pa\u00edses em termos de banda larga, diz secret\u00e1rio<\/span> <span class=\"meta-nav\">&rarr;<\/span><\/a><\/p>\n","protected":false},"author":1,"featured_media":0,"comment_status":"open","ping_status":"open","sticky":false,"template":"","format":"standard","meta":{"footnotes":""},"categories":[40],"tags":[150],"_links":{"self":[{"href":"https:\/\/obscom.intervozes.org.br\/index.php?rest_route=\/wp\/v2\/posts\/23068"}],"collection":[{"href":"https:\/\/obscom.intervozes.org.br\/index.php?rest_route=\/wp\/v2\/posts"}],"about":[{"href":"https:\/\/obscom.intervozes.org.br\/index.php?rest_route=\/wp\/v2\/types\/post"}],"author":[{"embeddable":true,"href":"https:\/\/obscom.intervozes.org.br\/index.php?rest_route=\/wp\/v2\/users\/1"}],"replies":[{"embeddable":true,"href":"https:\/\/obscom.intervozes.org.br\/index.php?rest_route=%2Fwp%2Fv2%2Fcomments&post=23068"}],"version-history":[{"count":0,"href":"https:\/\/obscom.intervozes.org.br\/index.php?rest_route=\/wp\/v2\/posts\/23068\/revisions"}],"wp:attachment":[{"href":"https:\/\/obscom.intervozes.org.br\/index.php?rest_route=%2Fwp%2Fv2%2Fmedia&parent=23068"}],"wp:term":[{"taxonomy":"category","embeddable":true,"href":"https:\/\/obscom.intervozes.org.br\/index.php?rest_route=%2Fwp%2Fv2%2Fcategories&post=23068"},{"taxonomy":"post_tag","embeddable":true,"href":"https:\/\/obscom.intervozes.org.br\/index.php?rest_route=%2Fwp%2Fv2%2Ftags&post=23068"}],"curies":[{"name":"wp","href":"https:\/\/api.w.org\/{rel}","templated":true}]}}