{"id":23066,"date":"2009-07-16T16:02:36","date_gmt":"2009-07-16T16:02:36","guid":{"rendered":"https:\/\/obscom.intervozes.org.br\/wordpress\/?p=23066"},"modified":"2009-07-16T16:02:36","modified_gmt":"2009-07-16T16:02:36","slug":"movimentos-sociais-repudiam-limitacoes-que-empresarios-querem-impor-a-confecom","status":"publish","type":"post","link":"https:\/\/obscom.intervozes.org.br\/?p=23066","title":{"rendered":"Movimentos sociais repudiam limita\u00e7\u00f5es que empres\u00e1rios querem impor \u00e0 Confecom"},"content":{"rendered":"<p>   \t \t \t \t \t<!-- \t\t@page { margin: 2cm } \t\tP { margin-bottom: 0.21cm } \t--> \t  <\/p>\n<p class=\"western padrao\">Em resposta r&aacute;pida &agrave; mobiliza&ccedil;&atilde;o dos empres&aacute;rios, representantes das entidades sociais participantes da comiss&atilde;o organizadora da Confer&ecirc;ncia Nacional de Comunica&ccedil;&atilde;o (Confecom) realizaram hoje uma manifesta&ccedil;&atilde;o na frente do Minist&eacute;rio das Comunica&ccedil;&otilde;es, defendendo o amplo debate sobre o setor. Eles n&atilde;o aceitam pr&eacute;-condi&ccedil;&otilde;es ou premissas que os representantes empresariais da m&iacute;dia querem impor ao evento, restringindo os temas de discuss&otilde;es apenas &agrave; internet e &agrave; converg&ecirc;ncia tecnol&oacute;gica.<\/p>\n<p>Segundo o diretor da Intervozes &ndash; Coletivo Brasil de Comunica&ccedil;&atilde;o Social, Jonas Valente, a discuss&atilde;o sobre o regimento interno da Confecom, paralisada por impasses entre os integrantes da comiss&atilde;o organizadora, n&atilde;o pode ser palco de contraposi&ccedil;&otilde;es pol&iacute;ticas. &ldquo;Precisamos garantir que a confer&ecirc;ncia de comunica&ccedil;&atilde;o seja uma arena de debates, como aconteceu com as confer&ecirc;ncias realizadas pela sa&uacute;de e educa&ccedil;&atilde;o, por exemplo&rdquo;, disse.<\/p>\n<p>A defini&ccedil;&atilde;o dos temas secund&aacute;rios faz parte das discuss&otilde;es sobre o regimento interno. Assim como a indica&ccedil;&atilde;o dos delegados &agrave; confer&ecirc;ncia. De acordo com a representante da Intervozes, Carolina Ribeiro, as entidades sociais n&atilde;o aceitar&atilde;o a paridade de participantes pelas tr&ecirc;s esferas que comp&otilde;em a comiss&atilde;o organizadora do evento. &ldquo;Os empres&aacute;rios n&atilde;o representam 1\/3 da popula&ccedil;&atilde;o, por isso &eacute; absurda esta pretens&atilde;o&rdquo;, disse.<\/p>\n<p>Outra reivindica&ccedil;&atilde;o dos movimentos sociais &eacute; de que a recomposi&ccedil;&atilde;o das verbas da Confecom seja feita por meio de decreto. Carolina disse que, apesar de o governo j&aacute; haver enviado &agrave; Comiss&atilde;o Mista de Or&ccedil;amento do Congresso Nacional uma proposta de devolu&ccedil;&atilde;o dos recursos cortados para a confer&ecirc;ncia, n&atilde;o &eacute; poss&iacute;vel esperar o recesso parlamentar, iniciado esta semana. &ldquo;As etapas regionais precisam acontecer e dependem dessa verba&rdquo;, disse. E acrescenta: &ldquo;Se o corte foi feito por decreto, a recomposi&ccedil;&atilde;o tamb&eacute;m poder&aacute; ocorrer pelo mesmo tipo de ato&rdquo;.<\/p>\n<p>A pr&oacute;xima reuni&atilde;o para debater o regimento interno da Confecom foi marcada para a pr&oacute;xima quarta-feira (22) e a inten&ccedil;&atilde;o &eacute; de que o documento seja aprovado at&eacute; sexta-feira (24). Os tr&ecirc;s ministros respons&aacute;veis pela realiza&ccedil;&atilde;o do evento &#8211; H&eacute;lio Costa (Comunica&ccedil;&otilde;es), Franklin Martins (Comunica&ccedil;&atilde;o Social) e Luiz Dulci (Secretaria-Geral da Presid&ecirc;ncia)- j&aacute; decidiram que, se n&atilde;o houver consenso, o governo impor&aacute; as regras.<\/p>\n<p>A manifesta&ccedil;&atilde;o de hoje contou com a participa&ccedil;&atilde;o de pelo menos 15 entidades sociais. Segundo os organizadores, manifesta&ccedil;&otilde;es semelhantes est&atilde;o ocorrendo tamb&eacute;m nos estados. &ldquo;Estamos mobilizados para garantir a pluralidade da confer&ecirc;ncia&rdquo;, disse Carolina Ribeiro.<\/p>\n","protected":false},"excerpt":{"rendered":"<p>Em resposta r&aacute;pida &agrave; mobiliza&ccedil;&atilde;o dos empres&aacute;rios, representantes das entidades sociais participantes da comiss&atilde;o organizadora da Confer&ecirc;ncia Nacional de Comunica&ccedil;&atilde;o (Confecom) realizaram hoje uma manifesta&ccedil;&atilde;o na frente do Minist&eacute;rio das Comunica&ccedil;&otilde;es, defendendo o amplo debate sobre o setor. Eles n&atilde;o aceitam pr&eacute;-condi&ccedil;&otilde;es ou premissas que os representantes empresariais da m&iacute;dia querem impor ao evento, restringindo &hellip; <a href=\"https:\/\/obscom.intervozes.org.br\/?p=23066\" class=\"more-link\">Continue lendo <span class=\"screen-reader-text\">Movimentos sociais repudiam limita\u00e7\u00f5es que empres\u00e1rios querem impor \u00e0 Confecom<\/span> <span class=\"meta-nav\">&rarr;<\/span><\/a><\/p>\n","protected":false},"author":1,"featured_media":0,"comment_status":"open","ping_status":"open","sticky":false,"template":"","format":"standard","meta":{"footnotes":""},"categories":[40],"tags":[570],"_links":{"self":[{"href":"https:\/\/obscom.intervozes.org.br\/index.php?rest_route=\/wp\/v2\/posts\/23066"}],"collection":[{"href":"https:\/\/obscom.intervozes.org.br\/index.php?rest_route=\/wp\/v2\/posts"}],"about":[{"href":"https:\/\/obscom.intervozes.org.br\/index.php?rest_route=\/wp\/v2\/types\/post"}],"author":[{"embeddable":true,"href":"https:\/\/obscom.intervozes.org.br\/index.php?rest_route=\/wp\/v2\/users\/1"}],"replies":[{"embeddable":true,"href":"https:\/\/obscom.intervozes.org.br\/index.php?rest_route=%2Fwp%2Fv2%2Fcomments&post=23066"}],"version-history":[{"count":0,"href":"https:\/\/obscom.intervozes.org.br\/index.php?rest_route=\/wp\/v2\/posts\/23066\/revisions"}],"wp:attachment":[{"href":"https:\/\/obscom.intervozes.org.br\/index.php?rest_route=%2Fwp%2Fv2%2Fmedia&parent=23066"}],"wp:term":[{"taxonomy":"category","embeddable":true,"href":"https:\/\/obscom.intervozes.org.br\/index.php?rest_route=%2Fwp%2Fv2%2Fcategories&post=23066"},{"taxonomy":"post_tag","embeddable":true,"href":"https:\/\/obscom.intervozes.org.br\/index.php?rest_route=%2Fwp%2Fv2%2Ftags&post=23066"}],"curies":[{"name":"wp","href":"https:\/\/api.w.org\/{rel}","templated":true}]}}