{"id":23063,"date":"2009-07-16T10:49:48","date_gmt":"2009-07-16T10:49:48","guid":{"rendered":"https:\/\/obscom.intervozes.org.br\/wordpress\/?p=23063"},"modified":"2009-07-16T10:49:48","modified_gmt":"2009-07-16T10:49:48","slug":"pgr-afirma-que-decreto-5-820-e-inconstitucional","status":"publish","type":"post","link":"https:\/\/obscom.intervozes.org.br\/?p=23063","title":{"rendered":"PGR afirma que Decreto 5.820 \u00e9 inconstitucional"},"content":{"rendered":"<p><!-- \t\t@page { margin: 2cm } \t\tP { margin-bottom: 0.21cm } \t--><\/p>\n<p style=\"margin-bottom: 0cm\" class=\"western padrao\">A Procuradoria Geral da Rep&uacute;blica considerou procedente a A&ccedil;&atilde;o Direta de Inconstitucionalidade (Adin) movida pelo PSOL contra o Decreto 5.820\/2006, que instituiu o Sistema Brasileiro de TV Digital (SBTVD). O parecer, assinado pelo ex-procurador geral Antonio Fernando de Souza e publicada no &uacute;ltimo dia 19 de junho, coloca novamente em quest&atilde;o a legalidade do dispositivo.<\/p>\n<p>O parecer da PGR foi solicitado pelo relator da Adin no Supremo Tribunal Federal, ministro Carlos Ayres Britto, que deve definir seu voto at&eacute; o m&ecirc;s de agosto. A decis&atilde;o final sobre a a&ccedil;&atilde;o caber&aacute; ao plen&aacute;rio do STF. Nesse caso, &eacute; o presidente do Supremo, Gilmar Mendes, quem decide quando a mat&eacute;ria vai a julgamento. H&aacute; dois anos, a Advocacia Geral da Uni&atilde;o j&aacute; havia se manifestado em defesa do Decreto 5820.<\/p>\n<p>A justificativa da Adin, corroborada pela Procuradoria Geral da Rep&uacute;blica, &eacute; a de que o SBTVD n&atilde;o se trata de uma simples atualiza&ccedil;&atilde;o de tecnologia de transmiss&atilde;o de TV. O espa&ccedil;o de 6 MHz ocupado para transmitir uma &uacute;nica programa&ccedil;&atilde;o no sinal anal&oacute;gico pode ser usado para transmitir de quatro a oito vezes mais conte&uacute;do no sistema digital. A digitaliza&ccedil;&atilde;o, portanto, rompe com o paradigma atual da radiodifus&atilde;o e cria novas possibilidades de comunica&ccedil;&atilde;o para as empresas concession&aacute;rias, de modo a superar a abrang&ecirc;ncia de suas atuais outorgas. <\/p>\n<p>Sendo assim, concorda a PGR, a transmiss&atilde;o em sinal digital teria de ser considerada como um servi&ccedil;o diverso da transmiss&atilde;o anal&oacute;gica, para o qual seria necess&aacute;rio nova outorga de concess&atilde;o de canais. Estes novos processos, portanto, estariam sob a compet&ecirc;ncia do Poder Legislativo, respons&aacute;vel pelas concess&otilde;es e renova&ccedil;&otilde;es de outorgas. <br \/><strong><br \/>Decreto<\/strong><\/p>\n<p>O Decreto 5.820, sob o argumento da atualiza&ccedil;&atilde;o tecnol&oacute;gica, &ldquo;consigna&rdquo; canais para transmiss&atilde;o digital &agrave;s atuais concession&aacute;rias e prestadoras do servi&ccedil;o anal&oacute;gico. Como a &ldquo;consigna&ccedil;&atilde;o&rdquo; dispensou os processos de outorga previstos pela Constitui&ccedil;&atilde;o Federal, o conte&uacute;do e efeitos do decreto seriam ilegais. Al&eacute;m disso, as medidas para a migra&ccedil;&atilde;o tecnol&oacute;gica institu&iacute;das pelo decreto ampliam os prazos das outorgas em vigor, o que tamb&eacute;m n&atilde;o pode ocorrer sem a anu&ecirc;ncia do Congresso Nacional.<\/p>\n<p>O parecer da PGR tamb&eacute;m ressalta que o direito &agrave; informa&ccedil;&atilde;o dos atos da Administra&ccedil;&atilde;o P&uacute;blica foi violado diante da n&atilde;o publiciza&ccedil;&atilde;o de relat&oacute;rios que pudessem esclarecer a sociedade sobre a ado&ccedil;&atilde;o do padr&atilde;o japon&ecirc;s como base tecnol&oacute;gica do SBTVD e as raz&otilde;es de sua escolha pelo Executivo Federal. Aponta ainda que a multiprograma&ccedil;&atilde;o, dispon&iacute;vel na tecnologia digital, refor&ccedil;aria o cen&aacute;rio de oligopoliza&ccedil;&atilde;o do setor. <\/p>\n<p style=\"margin-bottom: 0cm\" class=\"western padrao\"><em><strong>Amicus Curiae<\/strong><\/em><\/p>\n<p style=\"margin-bottom: 0cm\" class=\"western padrao\">Existem tr&ecirc;s pareceres de organiza&ccedil;&otilde;es sociais &ndash; <em>Amicus Curiae<\/em>, na linguagem jur&iacute;dica &ndash; anexados &agrave; a&ccedil;&atilde;o. A seu favor, o parecer assinado em conjunto pelo Intervozes &ndash; Coletivo Brasil de Comunica&ccedil;&atilde;o Social, pelo Instituto Pro Bono e pela Conectas Direitos Humanos refor&ccedil;a a argumenta&ccedil;&atilde;o de inconstitucionalidade ao afirmarem que a TV digital, ao permitir recursos de interatividade e mobilidade, caracterizam a consigna&ccedil;&atilde;o do canal digital como um novo servi&ccedil;o, tornando necess&aacute;ria uma nova concess&atilde;o para sua explora&ccedil;&atilde;o.<\/p>\n<p>Favor&aacute;veis ao decreto, a Associa&ccedil;&atilde;o Brasileira de Emissoras de R&aacute;dio e TV (Abert) e a Associa&ccedil;&atilde;o Brasileira de Radiodifus&atilde;o (Abra) tamb&eacute;m se manifestaram atrav&eacute;s de pareceres entregues ao STF.<\/p>\n","protected":false},"excerpt":{"rendered":"<p>Parecer enviado ao STF ap\u00f3ia A\u00e7\u00e3o Direta de Inconstitucionalidade contra decreto que instituiu o SBTVD; documento questiona legalidade da consigna\u00e7\u00e3o de canais sem autoriza\u00e7\u00e3o do Legislativo<\/p>\n","protected":false},"author":1,"featured_media":0,"comment_status":"open","ping_status":"open","sticky":false,"template":"","format":"standard","meta":{"footnotes":""},"categories":[40],"tags":[79],"_links":{"self":[{"href":"https:\/\/obscom.intervozes.org.br\/index.php?rest_route=\/wp\/v2\/posts\/23063"}],"collection":[{"href":"https:\/\/obscom.intervozes.org.br\/index.php?rest_route=\/wp\/v2\/posts"}],"about":[{"href":"https:\/\/obscom.intervozes.org.br\/index.php?rest_route=\/wp\/v2\/types\/post"}],"author":[{"embeddable":true,"href":"https:\/\/obscom.intervozes.org.br\/index.php?rest_route=\/wp\/v2\/users\/1"}],"replies":[{"embeddable":true,"href":"https:\/\/obscom.intervozes.org.br\/index.php?rest_route=%2Fwp%2Fv2%2Fcomments&post=23063"}],"version-history":[{"count":0,"href":"https:\/\/obscom.intervozes.org.br\/index.php?rest_route=\/wp\/v2\/posts\/23063\/revisions"}],"wp:attachment":[{"href":"https:\/\/obscom.intervozes.org.br\/index.php?rest_route=%2Fwp%2Fv2%2Fmedia&parent=23063"}],"wp:term":[{"taxonomy":"category","embeddable":true,"href":"https:\/\/obscom.intervozes.org.br\/index.php?rest_route=%2Fwp%2Fv2%2Fcategories&post=23063"},{"taxonomy":"post_tag","embeddable":true,"href":"https:\/\/obscom.intervozes.org.br\/index.php?rest_route=%2Fwp%2Fv2%2Ftags&post=23063"}],"curies":[{"name":"wp","href":"https:\/\/api.w.org\/{rel}","templated":true}]}}