{"id":23057,"date":"2009-07-15T15:52:15","date_gmt":"2009-07-15T15:52:15","guid":{"rendered":"https:\/\/obscom.intervozes.org.br\/wordpress\/?p=23057"},"modified":"2009-07-15T15:52:15","modified_gmt":"2009-07-15T15:52:15","slug":"radios-comunitarias-vao-transmitir-programacao-de-educacao-ambiental-no-rj","status":"publish","type":"post","link":"https:\/\/obscom.intervozes.org.br\/?p=23057","title":{"rendered":"R\u00e1dios comunit\u00e1rias v\u00e3o transmitir programa\u00e7\u00e3o de educa\u00e7\u00e3o ambiental no RJ"},"content":{"rendered":"<p>   \t \t \t \t \t<!-- \t\t@page { margin: 2cm } \t\tP { margin-bottom: 0.21cm } \t--> \t   <\/p>\n<p style=\"margin-bottom: 0cm\" class=\"western\"><span class=\"padrao\">Utilizar r&aacute;dios comunit&aacute;rias instaladas em escolas p&uacute;blicas para transmitir educa&ccedil;&atilde;o ambiental. Esse &eacute; o objetivo do governo fluminense, que pretende estender o projeto Nas Ondas do R&aacute;dio: Radio@escola.com para pelo menos uma escola estadual de cada munic&iacute;pio do Rio at&eacute; 2010.<\/p>\n<p>O an&uacute;ncio foi feito hoje (13) pela Secretaria de Educa&ccedil;&atilde;o e pela Secretaria do Ambiente, que aplica recursos no projeto, desenvolvido, neste semestre, em 48 escolas estaduais.<\/p>\n<p>&ldquo;Para mudar a quest&atilde;o ambiental no Brasil precisamos fazer uma verdadeira revolu&ccedil;&atilde;o. Essa revolu&ccedil;&atilde;o deve come&ccedil;ar nas escolas, onde vamos semear essa mensagem, despertar para o meio ambiente e a capacidade cr&iacute;tica das crian&ccedil;as&rdquo;, afirmou a secret&aacute;ria do Ambiente, Marilene Ramos.<\/p>\n<p>Durante o projeto, os alunos aprendem a utilizar t&eacute;cnicas de comunica&ccedil;&atilde;o para tratar de temas como o uso sustent&aacute;vel dos recursos naturais e consumo consciente. Metade das aulas &eacute; dedicada &agrave; t&eacute;cnicas de locu&ccedil;&atilde;o e radiojornalismo e a outra, &agrave; temas ambientais.<\/p>\n<p>&ldquo;A nossa r&aacute;dio n&atilde;o vai tocar s&oacute; m&uacute;sica&rdquo;, diz a aluna Tamires de Oliveira, 13 anos, do Col&eacute;gio Estadual Gustavo Barroso, de Belford Roxo, na Baixada Fluminense. &ldquo;As pessoas v&atilde;o ouvir sobre [escassez da] &aacute;gua, lixo e aquecimento global.&quot;<\/p>\n<p>A adolescente participou hoje (13) da apresenta&ccedil;&atilde;o de um programa de r&aacute;dio feito em sua escola para autoridades do governo estadual. A iniciativa tamb&eacute;m capacitou cerca de 120 alunos, professores e lideran&ccedil;as comunit&aacute;rias em nove bairros da cidade do Rio, al&eacute;m de Duque de Caxias e Belford Roxo.<\/p>\n<p>Um dos professores, o jornalista Vitor Salles, destacou a import&acirc;ncia das r&aacute;dios comunit&aacute;rias em projetos desse tipo. &ldquo;A fun&ccedil;&atilde;o social da r&aacute;dio comunit&aacute;ria &eacute; muito forte. &Eacute; diferente da r&aacute;dio comercial e das r&aacute;dios piratas, que n&atilde;o t&ecirc;m respeito com o dial ou compromisso com a comunidade. N&oacute;s misturamos o conte&uacute;do do meio ambiente com o que as comunidades precisam&rdquo;, afirmou.<\/span><\/p>\n","protected":false},"excerpt":{"rendered":"<p>Utilizar r&aacute;dios comunit&aacute;rias instaladas em escolas p&uacute;blicas para transmitir educa&ccedil;&atilde;o ambiental. Esse &eacute; o objetivo do governo fluminense, que pretende estender o projeto Nas Ondas do R&aacute;dio: Radio@escola.com para pelo menos uma escola estadual de cada munic&iacute;pio do Rio at&eacute; 2010. O an&uacute;ncio foi feito hoje (13) pela Secretaria de Educa&ccedil;&atilde;o e pela Secretaria do &hellip; <a href=\"https:\/\/obscom.intervozes.org.br\/?p=23057\" class=\"more-link\">Continue lendo <span class=\"screen-reader-text\">R\u00e1dios comunit\u00e1rias v\u00e3o transmitir programa\u00e7\u00e3o de educa\u00e7\u00e3o ambiental no RJ<\/span> <span class=\"meta-nav\">&rarr;<\/span><\/a><\/p>\n","protected":false},"author":1,"featured_media":0,"comment_status":"open","ping_status":"open","sticky":false,"template":"","format":"standard","meta":{"footnotes":""},"categories":[40],"tags":[909],"_links":{"self":[{"href":"https:\/\/obscom.intervozes.org.br\/index.php?rest_route=\/wp\/v2\/posts\/23057"}],"collection":[{"href":"https:\/\/obscom.intervozes.org.br\/index.php?rest_route=\/wp\/v2\/posts"}],"about":[{"href":"https:\/\/obscom.intervozes.org.br\/index.php?rest_route=\/wp\/v2\/types\/post"}],"author":[{"embeddable":true,"href":"https:\/\/obscom.intervozes.org.br\/index.php?rest_route=\/wp\/v2\/users\/1"}],"replies":[{"embeddable":true,"href":"https:\/\/obscom.intervozes.org.br\/index.php?rest_route=%2Fwp%2Fv2%2Fcomments&post=23057"}],"version-history":[{"count":0,"href":"https:\/\/obscom.intervozes.org.br\/index.php?rest_route=\/wp\/v2\/posts\/23057\/revisions"}],"wp:attachment":[{"href":"https:\/\/obscom.intervozes.org.br\/index.php?rest_route=%2Fwp%2Fv2%2Fmedia&parent=23057"}],"wp:term":[{"taxonomy":"category","embeddable":true,"href":"https:\/\/obscom.intervozes.org.br\/index.php?rest_route=%2Fwp%2Fv2%2Fcategories&post=23057"},{"taxonomy":"post_tag","embeddable":true,"href":"https:\/\/obscom.intervozes.org.br\/index.php?rest_route=%2Fwp%2Fv2%2Ftags&post=23057"}],"curies":[{"name":"wp","href":"https:\/\/api.w.org\/{rel}","templated":true}]}}