{"id":23056,"date":"2009-07-15T15:33:58","date_gmt":"2009-07-15T15:33:58","guid":{"rendered":"https:\/\/obscom.intervozes.org.br\/wordpress\/?p=23056"},"modified":"2009-07-15T15:33:58","modified_gmt":"2009-07-15T15:33:58","slug":"cct-analisa-projeto-que-preve-propaganda-eleitoral-em-radios-comunitarias","status":"publish","type":"post","link":"https:\/\/obscom.intervozes.org.br\/?p=23056","title":{"rendered":"CCT analisa projeto que prev\u00ea propaganda eleitoral em r\u00e1dios comunit\u00e1rias"},"content":{"rendered":"<p>   \t \t \t \t \t<!-- \t\t@page { margin: 2cm } \t\tP { margin-bottom: 0.21cm } \t--> \t   <\/p>\n<p style=\"margin-bottom: 0cm\" class=\"western padrao\">Na pr&oacute;xima quarta-feira (15), a Comiss&atilde;o de Ci&ecirc;ncia, Tecnologia, Inova&ccedil;&atilde;o, Comunica&ccedil;&atilde;o e Inform&aacute;tica (CCT) ir&aacute; analisar um projeto de lei do Senado (PLS 212\/09) que determina a veicula&ccedil;&atilde;o de propaganda eleitoral em r&aacute;dios comunit&aacute;rias. <\/p>\n<p>De autoria do senador Valdir Raupp (PMDB-RO), a mat&eacute;ria altera o artigo 57 da Lei n&ordm; 9.504\/97 &#8211; chamada de Lei das Elei&ccedil;&otilde;es &#8211; que obriga as r&aacute;dios comunit&aacute;rias a destinarem parte de suas grades &agrave; propaganda eleitoral. <\/p>\n<p>No relat&oacute;rio do projeto, o senador informa sobre restri&ccedil;&otilde;es &agrave; veicula&ccedil;&atilde;o de propaganda de candidato em munic&iacute;pios pequenos que n&atilde;o possuem emissoras de r&aacute;dio convencionais. Segundo ele, em cidade de pequeno e m&eacute;dio porte em que existem emissoras de r&aacute;dios comunit&aacute;rias, nem sempre a propaganda eleitoral &eacute; transmitida, justamente por conta da falta de explicita&ccedil;&atilde;o da obrigatoriedade na legisla&ccedil;&atilde;o, segundo informa&ccedil;&otilde;es da <em>Ag&ecirc;ncia Senado<\/em>. <\/p>\n<p>&quot;Atualmente, &eacute; cada vez mais usual a exist&ecirc;ncia de r&aacute;dios comunit&aacute;rias em pequenas e m&eacute;dias comunidades, mas nem sempre os partidos e a Justi&ccedil;a Eleitoral adotam provid&ecirc;ncias para que a propaganda eleitoral seja veiculada por essas r&aacute;dios&quot;, diz Valdir Raupp em sua justificativa.<\/p>\n","protected":false},"excerpt":{"rendered":"<p>Na pr&oacute;xima quarta-feira (15), a Comiss&atilde;o de Ci&ecirc;ncia, Tecnologia, Inova&ccedil;&atilde;o, Comunica&ccedil;&atilde;o e Inform&aacute;tica (CCT) ir&aacute; analisar um projeto de lei do Senado (PLS 212\/09) que determina a veicula&ccedil;&atilde;o de propaganda eleitoral em r&aacute;dios comunit&aacute;rias. De autoria do senador Valdir Raupp (PMDB-RO), a mat&eacute;ria altera o artigo 57 da Lei n&ordm; 9.504\/97 &#8211; chamada de Lei &hellip; <a href=\"https:\/\/obscom.intervozes.org.br\/?p=23056\" class=\"more-link\">Continue lendo <span class=\"screen-reader-text\">CCT analisa projeto que prev\u00ea propaganda eleitoral em r\u00e1dios comunit\u00e1rias<\/span> <span class=\"meta-nav\">&rarr;<\/span><\/a><\/p>\n","protected":false},"author":1,"featured_media":0,"comment_status":"open","ping_status":"open","sticky":false,"template":"","format":"standard","meta":{"footnotes":""},"categories":[40],"tags":[717],"_links":{"self":[{"href":"https:\/\/obscom.intervozes.org.br\/index.php?rest_route=\/wp\/v2\/posts\/23056"}],"collection":[{"href":"https:\/\/obscom.intervozes.org.br\/index.php?rest_route=\/wp\/v2\/posts"}],"about":[{"href":"https:\/\/obscom.intervozes.org.br\/index.php?rest_route=\/wp\/v2\/types\/post"}],"author":[{"embeddable":true,"href":"https:\/\/obscom.intervozes.org.br\/index.php?rest_route=\/wp\/v2\/users\/1"}],"replies":[{"embeddable":true,"href":"https:\/\/obscom.intervozes.org.br\/index.php?rest_route=%2Fwp%2Fv2%2Fcomments&post=23056"}],"version-history":[{"count":0,"href":"https:\/\/obscom.intervozes.org.br\/index.php?rest_route=\/wp\/v2\/posts\/23056\/revisions"}],"wp:attachment":[{"href":"https:\/\/obscom.intervozes.org.br\/index.php?rest_route=%2Fwp%2Fv2%2Fmedia&parent=23056"}],"wp:term":[{"taxonomy":"category","embeddable":true,"href":"https:\/\/obscom.intervozes.org.br\/index.php?rest_route=%2Fwp%2Fv2%2Fcategories&post=23056"},{"taxonomy":"post_tag","embeddable":true,"href":"https:\/\/obscom.intervozes.org.br\/index.php?rest_route=%2Fwp%2Fv2%2Ftags&post=23056"}],"curies":[{"name":"wp","href":"https:\/\/api.w.org\/{rel}","templated":true}]}}