{"id":23055,"date":"2009-07-15T15:29:47","date_gmt":"2009-07-15T15:29:47","guid":{"rendered":"https:\/\/obscom.intervozes.org.br\/wordpress\/?p=23055"},"modified":"2009-07-15T15:29:47","modified_gmt":"2009-07-15T15:29:47","slug":"projeto-cria-ouvidor-e-conselho-publico-de-comunicacao-da-camara","status":"publish","type":"post","link":"https:\/\/obscom.intervozes.org.br\/?p=23055","title":{"rendered":"Projeto cria ouvidor e Conselho P\u00fablico de Comunica\u00e7\u00e3o da C\u00e2mara"},"content":{"rendered":"<p>   \t \t \t \t \t<!-- \t\t@page { margin: 2cm } \t\tP { margin-bottom: 0.21cm } \t--> \t   <\/p>\n<p style=\"margin-bottom: 0cm\" class=\"western padrao\">O deputado Marco Maia (PT-RS) apresentou na semana passada o Projeto de Resolu&ccedil;&atilde;o 198\/09, que cria o Conselho P&uacute;blico de Comunica&ccedil;&atilde;o e o cargo de ouvidor da Secretaria de Comunica&ccedil;&atilde;o Social da C&acirc;mara. Ao conselho caber&aacute;, entre outras fun&ccedil;&otilde;es, opinar sobre a linha editorial dos ve&iacute;culos da Casa (Ag&ecirc;ncia, Jornal, R&aacute;dio e TV C&acirc;mara) e da divulga&ccedil;&atilde;o institucional, assim como aprovar o estatuto da Secom e seus planos anuais de trabalho.<\/p>\n<p>Consta ainda entre as atribui&ccedil;&otilde;es do conselho zelar pela n&atilde;o interfer&ecirc;ncia de partidos, entidades, institui&ccedil;&otilde;es e empresas na programa&ccedil;&atilde;o dos ve&iacute;culos ou na divulga&ccedil;&atilde;o institucional da Casa.<\/p>\n<p>Na opini&atilde;o de Marco Maia, a institui&ccedil;&atilde;o do conselho vai aproximar a C&acirc;mara ainda mais da sociedade e garantir&aacute; mais independ&ecirc;ncia aos ve&iacute;culos. &quot;Queremos constituir um f&oacute;rum leg&iacute;timo capaz de discutir e debater a programa&ccedil;&atilde;o desses ve&iacute;culos, dando legitimidade social &agrave;quilo que &eacute; produzido dentro da Casa&quot;, sustenta o parlamentar.<\/p>\n<p><strong>Nomes<\/strong><\/p>\n<p>O novo colegiado ter&aacute; 14 integrantes. Seis ser&atilde;o deputados &#8211; o presidente da C&acirc;mara; um representante da Mesa Diretora; os presidentes das comiss&otilde;es de Educa&ccedil;&atilde;o e Cultura e de Ci&ecirc;ncia e Tecnologia, Comunica&ccedil;&atilde;o e Inform&aacute;tica; e os l&iacute;deres da maioria e da minoria. Outros sete conselheiros ser&atilde;o representantes da sociedade civil. E o diretor da Secom tamb&eacute;m ser&aacute; integrante do colegiado.<\/p>\n<p>Para a sele&ccedil;&atilde;o dos componentes externos, o texto prev&ecirc; a realiza&ccedil;&atilde;o de consulta p&uacute;blica. As entidades interessadas dever&atilde;o enviar &agrave; Casa uma lista tr&iacute;plice e os candidatos ser&atilde;o escolhidos pela Mesa Diretora.<\/p>\n<p>As entidades civis ser&atilde;o representadas na seguinte propor&ccedil;&atilde;o:<br \/>&#8211; dois integrantes de movimentos sociais ou de usu&aacute;rios de servi&ccedil;os de m&iacute;dia;<br \/>&#8211; um integrante de entidade representativa de trabalhadores em empresas que usem os servi&ccedil;os e produtos da Secom;<br \/>&#8211; um representante das empresas que utilizam produtos ou servi&ccedil;os da Secom;<br \/>&#8211; dois representantes de institui&ccedil;&otilde;es acad&ecirc;micas da &aacute;rea de Comunica&ccedil;&atilde;o Social;<br \/>&#8211; um representante de entidade dedicada &agrave; defesa da democratiza&ccedil;&atilde;o dos meios de comunica&ccedil;&atilde;o.<\/p>\n<p>Os conselheiros ter&atilde;o mandatos de dois anos, permitida uma recondu&ccedil;&atilde;o. Pro&iacute;be-se a indica&ccedil;&atilde;o de agentes p&uacute;blicos de qualquer natureza dos tr&ecirc;s n&iacute;veis da Federa&ccedil;&atilde;o, assim como a remunera&ccedil;&atilde;o da atividade.<\/p>\n<p><strong>Ouvidoria<\/strong><\/p>\n<p>O conselho tamb&eacute;m aprovar&aacute; a indica&ccedil;&atilde;o do ouvidor, indicado pelo presidente da Casa. Para ocupar a fun&ccedil;&atilde;o, o candidato dever&aacute; ser servidor formado em Comunica&ccedil;&atilde;o Social. Sua fun&ccedil;&atilde;o ser&aacute; fazer a cr&iacute;tica da produ&ccedil;&atilde;o dos ve&iacute;culos de comunica&ccedil;&atilde;o da C&acirc;mara e dos projetos de divulga&ccedil;&atilde;o institucional.<\/p>\n<p style=\"margin-bottom: 0cm\" class=\"western padrao\">Marco Maia destaca que hoje a figura do ouvidor &eacute; comum nos ve&iacute;culos de comunica&ccedil;&atilde;o e pode representar mais um instrumento de aproxima&ccedil;&atilde;o com os usu&aacute;rios dos servi&ccedil;os. &quot;O ouvidor pode contribuir para esse vai-e-vem t&atilde;o necess&aacute;rio na constru&ccedil;&atilde;o de ve&iacute;culos de comunica&ccedil;&atilde;o voltados inteiramente &agrave; produ&ccedil;&atilde;o da boa informa&ccedil;&atilde;o e da boa programa&ccedil;&atilde;o para o povo brasileiro&quot;, afirma.<\/p>\n<p><strong>Tramita&ccedil;&atilde;o<\/strong><\/p>\n<p>A Mesa Diretora ainda vai definir quais comiss&otilde;es analisar&atilde;o a proposta.<\/p>\n","protected":false},"excerpt":{"rendered":"<p>O deputado Marco Maia (PT-RS) apresentou na semana passada o Projeto de Resolu&ccedil;&atilde;o 198\/09, que cria o Conselho P&uacute;blico de Comunica&ccedil;&atilde;o e o cargo de ouvidor da Secretaria de Comunica&ccedil;&atilde;o Social da C&acirc;mara. Ao conselho caber&aacute;, entre outras fun&ccedil;&otilde;es, opinar sobre a linha editorial dos ve&iacute;culos da Casa (Ag&ecirc;ncia, Jornal, R&aacute;dio e TV C&acirc;mara) e &hellip; <a href=\"https:\/\/obscom.intervozes.org.br\/?p=23055\" class=\"more-link\">Continue lendo <span class=\"screen-reader-text\">Projeto cria ouvidor e Conselho P\u00fablico de Comunica\u00e7\u00e3o da C\u00e2mara<\/span> <span class=\"meta-nav\">&rarr;<\/span><\/a><\/p>\n","protected":false},"author":1,"featured_media":0,"comment_status":"open","ping_status":"open","sticky":false,"template":"","format":"standard","meta":{"footnotes":""},"categories":[40],"tags":[832],"_links":{"self":[{"href":"https:\/\/obscom.intervozes.org.br\/index.php?rest_route=\/wp\/v2\/posts\/23055"}],"collection":[{"href":"https:\/\/obscom.intervozes.org.br\/index.php?rest_route=\/wp\/v2\/posts"}],"about":[{"href":"https:\/\/obscom.intervozes.org.br\/index.php?rest_route=\/wp\/v2\/types\/post"}],"author":[{"embeddable":true,"href":"https:\/\/obscom.intervozes.org.br\/index.php?rest_route=\/wp\/v2\/users\/1"}],"replies":[{"embeddable":true,"href":"https:\/\/obscom.intervozes.org.br\/index.php?rest_route=%2Fwp%2Fv2%2Fcomments&post=23055"}],"version-history":[{"count":0,"href":"https:\/\/obscom.intervozes.org.br\/index.php?rest_route=\/wp\/v2\/posts\/23055\/revisions"}],"wp:attachment":[{"href":"https:\/\/obscom.intervozes.org.br\/index.php?rest_route=%2Fwp%2Fv2%2Fmedia&parent=23055"}],"wp:term":[{"taxonomy":"category","embeddable":true,"href":"https:\/\/obscom.intervozes.org.br\/index.php?rest_route=%2Fwp%2Fv2%2Fcategories&post=23055"},{"taxonomy":"post_tag","embeddable":true,"href":"https:\/\/obscom.intervozes.org.br\/index.php?rest_route=%2Fwp%2Fv2%2Ftags&post=23055"}],"curies":[{"name":"wp","href":"https:\/\/api.w.org\/{rel}","templated":true}]}}