{"id":23035,"date":"2009-07-09T11:29:50","date_gmt":"2009-07-09T11:29:50","guid":{"rendered":"https:\/\/obscom.intervozes.org.br\/wordpress\/?p=23035"},"modified":"2014-09-07T02:58:32","modified_gmt":"2014-09-07T02:58:32","slug":"ministerio-sinaliza-cancelamento-da-conferencia","status":"publish","type":"post","link":"https:\/\/obscom.intervozes.org.br\/?p=23035","title":{"rendered":"Minist\u00e9rio sinaliza cancelamento da confer\u00eancia"},"content":{"rendered":"<p> \t<!-- \t\t@page { margin: 2cm } \t\tP { margin-bottom: 0.21cm } \t--><span class=\"padrao\">Com o per&iacute;odo para a realiza&ccedil;&atilde;o das etapas regionais e estaduais da Confer&ecirc;ncia Nacional de Comunica&ccedil;&atilde;o (Confecom) aberto e faltando cinco meses para realiza&ccedil;&atilde;o da etapa nacional, o governo federal admite n&atilde;o ter ainda recursos para financi&aacute;-la e tamb&eacute;m protela aprova&ccedil;&atilde;o do regimento que estabelece as normas que regem o processo de prepara&ccedil;&atilde;o e aprova&ccedil;&atilde;o de propostas. Durante toda a semana, houve sinaliza&ccedil;&otilde;es por parte do Minist&eacute;rio das Comunica&ccedil;&otilde;es, dos empres&aacute;rios e tamb&eacute;m de outros minist&eacute;rios no sentido de adiar ou at&eacute; mesmo cancelar a confer&ecirc;ncia, que est&aacute; marcada para dezembro.<\/span><\/p>\n<p style=\"margin-bottom: 0cm\" class=\"western padrao\">Como se j&aacute; n&atilde;o bastasse todo o atraso no processo de convoca&ccedil;&atilde;o da Confecom e o corte de mais de R$ 6 milh&otilde;es na verba destinada ao seu financiamento, foi cancelada a reuni&atilde;o da Comiss&atilde;o Organizadora Nacional da Confecom (CON) marcada para hoje (9) e que deveria aprovar o regimento da confer&ecirc;ncia. Embora independam formalmente do regimento, as etapas municipais e estaduais precisam seguir as regras do regimento e, sem ele, as convoca&ccedil;&otilde;es fica em suspenso.<\/p>\n<p>Na manh&atilde; de ontem (8), os membros da CON foram comunicados de que a reuni&atilde;o havia sido cancelada a pedido dos ministros H&eacute;lio Costa (Comunica&ccedil;&otilde;es), Luiz Dulci (Secretaria-Geral da Presid&ecirc;ncia) e Franklin Martins (Secretaria de Comunica&ccedil;&atilde;o Social), que quiseram discutir o regimento antes de sua aprova&ccedil;&atilde;o. O cancelamento da reuni&atilde;o e as incertezas quanto ao financiamento preocupou parlamentares e entidades que participaram ontem da audi&ecirc;ncia p&uacute;blica convocada pela Comiss&atilde;o de Ci&ecirc;ncia e Tecnologia, Comunica&ccedil;&atilde;o e Inform&aacute;tica (CCTCI) da C&acirc;mara dos Deputados para discutir o corte de verbas no or&ccedil;amento da Confecom.<\/p>\n<p>O representante do Minist&eacute;rio das Comunica&ccedil;&otilde;es (Minicom) na audi&ecirc;ncia, Marcelo Bechara, afirmou que o Executivo quer realizar a confer&ecirc;ncia, mas amea&ccedil;ou com o cancelamento do processo em fun&ccedil;&atilde;o do corte dos recursos. &ldquo;Eles eram da ordem de R$ 8,6 milh&otilde;es. No dia 11 de maio, parte expressiva foi anulada do ponto de vista or&ccedil;ament&aacute;rio restando R$ 1,6 milh&atilde;o. &Eacute; imposs&iacute;vel viabilizar uma confer&ecirc;ncia com o porte da Confecom com os recursos que est&atilde;o disponibilizados&rdquo;, disse Bechara.<\/p>\n<p>Ainda segundo o representante do Minicom, a Secretaria Executiva do minist&eacute;rio est&aacute; trabalhando para recompor esse or&ccedil;amento. &ldquo;Toda a atividade no Minicom &eacute; para a realiza&ccedil;&atilde;o da Confecom. Na primeira reuni&atilde;o [da CON], foi a primeira coisa que eu falei. Estamos trabalhando e temos avan&ccedil;ado bastante. Temos uma minuta de regimento interno que j&aacute; avan&ccedil;ou, mas existe esse problema real e concreto que inviabiliza a confer&ecirc;ncia&rdquo;, afirmou. &ldquo;A confer&ecirc;ncia n&atilde;o &eacute; um semin&aacute;rio, &eacute; um processo que j&aacute; se iniciou. Os recursos t&ecirc;m que ser disponibilizados bem antes para uma s&eacute;rie de situa&ccedil;&atilde;o que antecedem na plen&aacute;ria nacional.&rdquo;<\/p>\n<p>Al&eacute;m dos problemas or&ccedil;ament&aacute;rios, outros fatores preocupam Jonas Valente, representante do Intervozes &ndash; Coletivo Brasil de Comunica&ccedil;&atilde;o Social na CON. Tamb&eacute;m durante a audi&ecirc;ncia p&uacute;blica, Valente demonstrou apreens&atilde;o com rela&ccedil;&atilde;o &agrave; realiza&ccedil;&atilde;o do evento. Segundo ele, al&eacute;m dos recursos escassos, o tempo h&aacute;bil para realiza&ccedil;&atilde;o do processo confer&ecirc;ncia &eacute; curto e nem todos os setores envolvidos demonstram a mesma disposi&ccedil;&atilde;o para realiza&ccedil;&atilde;o da Confecom.<\/p>\n<p>A deputada Cida Diogo (PT-RJ), que participa da CON por indica&ccedil;&atilde;o da CCTI, declarou que o fato de se estar a quatro meses da realiza&ccedil;&atilde;o da confer&ecirc;ncia sem as regras de participa&ccedil;&atilde;o definidas tamb&eacute;m inviabiliza a realiza&ccedil;&atilde;o da Confecom. <\/p>\n<p>Apesar de declarar que o minist&eacute;rio est&aacute; empenhado em reaver a verba cortada a Confecom e que a pasta tem interesse na sua realiza&ccedil;&atilde;o, Bechara n&atilde;o estabeleceu prazos para a recomposi&ccedil;&atilde;o or&ccedil;ament&aacute;ria e nem para a nova reuni&atilde;o da CON que aprovar&aacute; o regimento da confer&ecirc;ncia.<\/p>\n<p><a href=\"http:\/\/localhost\/intervozes_direitoacomunicacao\/wordpress\/?p=23046\">VEJA TAMB&Eacute;M: Comiss&atilde;o Pr&oacute;-Confer&ecirc;ncia protesta contra atraso no regimento<\/a> <\/p>\n","protected":false},"excerpt":{"rendered":"<p>Governo admite n\u00e3o ter recursos para realizar Confer\u00eancia Nacional de Comunica\u00e7\u00e3o e cancela reuni\u00e3o que definiria regras para prepara\u00e7\u00e3o e aprova\u00e7\u00e3o de propostas nas etapas estaduais e nacional<\/p>\n","protected":false},"author":1,"featured_media":0,"comment_status":"open","ping_status":"open","sticky":false,"template":"","format":"standard","meta":{"footnotes":""},"categories":[40],"tags":[1012],"_links":{"self":[{"href":"https:\/\/obscom.intervozes.org.br\/index.php?rest_route=\/wp\/v2\/posts\/23035"}],"collection":[{"href":"https:\/\/obscom.intervozes.org.br\/index.php?rest_route=\/wp\/v2\/posts"}],"about":[{"href":"https:\/\/obscom.intervozes.org.br\/index.php?rest_route=\/wp\/v2\/types\/post"}],"author":[{"embeddable":true,"href":"https:\/\/obscom.intervozes.org.br\/index.php?rest_route=\/wp\/v2\/users\/1"}],"replies":[{"embeddable":true,"href":"https:\/\/obscom.intervozes.org.br\/index.php?rest_route=%2Fwp%2Fv2%2Fcomments&post=23035"}],"version-history":[{"count":1,"href":"https:\/\/obscom.intervozes.org.br\/index.php?rest_route=\/wp\/v2\/posts\/23035\/revisions"}],"predecessor-version":[{"id":28029,"href":"https:\/\/obscom.intervozes.org.br\/index.php?rest_route=\/wp\/v2\/posts\/23035\/revisions\/28029"}],"wp:attachment":[{"href":"https:\/\/obscom.intervozes.org.br\/index.php?rest_route=%2Fwp%2Fv2%2Fmedia&parent=23035"}],"wp:term":[{"taxonomy":"category","embeddable":true,"href":"https:\/\/obscom.intervozes.org.br\/index.php?rest_route=%2Fwp%2Fv2%2Fcategories&post=23035"},{"taxonomy":"post_tag","embeddable":true,"href":"https:\/\/obscom.intervozes.org.br\/index.php?rest_route=%2Fwp%2Fv2%2Ftags&post=23035"}],"curies":[{"name":"wp","href":"https:\/\/api.w.org\/{rel}","templated":true}]}}