{"id":23027,"date":"2009-07-07T17:11:49","date_gmt":"2009-07-07T17:11:49","guid":{"rendered":"https:\/\/obscom.intervozes.org.br\/wordpress\/?p=23027"},"modified":"2009-07-07T17:11:49","modified_gmt":"2009-07-07T17:11:49","slug":"prefeitura-do-rio-de-janeiro-convocara-conferencia-municipal-de-comunicacao","status":"publish","type":"post","link":"https:\/\/obscom.intervozes.org.br\/?p=23027","title":{"rendered":"Prefeitura do Rio de Janeiro convocar\u00e1 Confer\u00eancia Municipal de Comunica\u00e7\u00e3o"},"content":{"rendered":"<p>   \t \t \t \t \t<!-- \t\t@page { margin: 2cm } \t\tP { margin-bottom: 0.21cm } \t--> \t  <\/p>\n<p style=\"margin-bottom: 0cm\" class=\"western padrao\"><u><strong>Reproduzido do blog Justi&ccedil;a e Desenvolvimento &#8211; <a href=\"http:\/\/www.justicaedesenvolvimento.blogspot.com\/\">justicaedesenvolvimento.blogspot.com<\/a><\/strong><\/u><\/p>\n<p>A previs&atilde;o &eacute; que a etapa municipal da Confer&ecirc;ncia Nacional de Comunica&ccedil;&atilde;o (Confecom) aconte&ccedil;a, a princ&iacute;pio, entre os dias 22 e 23 de agosto pr&oacute;ximos devido ao cumprimento de prazos fixados para as realiza&ccedil;&otilde;es das etapas regionais e estaduais at&eacute; a nacional, que acontecer&aacute; entre 1&ordm; e 3 de dezembro deste ano.<\/p>\n<p>O prefeito Eduardo Paes prometeu publicar ainda em julho o decreto convocando a confer&ecirc;ncia. A Secretaria Municipal de Ci&ecirc;ncia e Tecnologia ser&aacute; designada pelo executivo municipal para organizar a etapa municipal da Confecom. Trabalhar&aacute; junto com entidades da sociedade civil, que vem se reunindo h&aacute; um ano no Clube de Engenharia para tal finalidade.<\/p>\n<p>Munic&iacute;pios da regi&atilde;o dos lagos em conjunto e a cidade de Nova Friburgo v&atilde;o realizar as suas confer&ecirc;ncias regional e municipal, respectivamente, no dia 15 de agosto pr&oacute;ximo.<\/p>\n","protected":false},"excerpt":{"rendered":"<p>Reproduzido do blog Justi&ccedil;a e Desenvolvimento &#8211; justicaedesenvolvimento.blogspot.com A previs&atilde;o &eacute; que a etapa municipal da Confer&ecirc;ncia Nacional de Comunica&ccedil;&atilde;o (Confecom) aconte&ccedil;a, a princ&iacute;pio, entre os dias 22 e 23 de agosto pr&oacute;ximos devido ao cumprimento de prazos fixados para as realiza&ccedil;&otilde;es das etapas regionais e estaduais at&eacute; a nacional, que acontecer&aacute; entre 1&ordm; e &hellip; <a href=\"https:\/\/obscom.intervozes.org.br\/?p=23027\" class=\"more-link\">Continue lendo <span class=\"screen-reader-text\">Prefeitura do Rio de Janeiro convocar\u00e1 Confer\u00eancia Municipal de Comunica\u00e7\u00e3o<\/span> <span class=\"meta-nav\">&rarr;<\/span><\/a><\/p>\n","protected":false},"author":1,"featured_media":0,"comment_status":"open","ping_status":"open","sticky":false,"template":"","format":"standard","meta":{"footnotes":""},"categories":[39],"tags":[],"_links":{"self":[{"href":"https:\/\/obscom.intervozes.org.br\/index.php?rest_route=\/wp\/v2\/posts\/23027"}],"collection":[{"href":"https:\/\/obscom.intervozes.org.br\/index.php?rest_route=\/wp\/v2\/posts"}],"about":[{"href":"https:\/\/obscom.intervozes.org.br\/index.php?rest_route=\/wp\/v2\/types\/post"}],"author":[{"embeddable":true,"href":"https:\/\/obscom.intervozes.org.br\/index.php?rest_route=\/wp\/v2\/users\/1"}],"replies":[{"embeddable":true,"href":"https:\/\/obscom.intervozes.org.br\/index.php?rest_route=%2Fwp%2Fv2%2Fcomments&post=23027"}],"version-history":[{"count":0,"href":"https:\/\/obscom.intervozes.org.br\/index.php?rest_route=\/wp\/v2\/posts\/23027\/revisions"}],"wp:attachment":[{"href":"https:\/\/obscom.intervozes.org.br\/index.php?rest_route=%2Fwp%2Fv2%2Fmedia&parent=23027"}],"wp:term":[{"taxonomy":"category","embeddable":true,"href":"https:\/\/obscom.intervozes.org.br\/index.php?rest_route=%2Fwp%2Fv2%2Fcategories&post=23027"},{"taxonomy":"post_tag","embeddable":true,"href":"https:\/\/obscom.intervozes.org.br\/index.php?rest_route=%2Fwp%2Fv2%2Ftags&post=23027"}],"curies":[{"name":"wp","href":"https:\/\/api.w.org\/{rel}","templated":true}]}}