{"id":23022,"date":"2009-07-07T10:51:51","date_gmt":"2009-07-07T10:51:51","guid":{"rendered":"https:\/\/obscom.intervozes.org.br\/wordpress\/?p=23022"},"modified":"2009-07-07T10:51:51","modified_gmt":"2009-07-07T10:51:51","slug":"band-e-redetv-vao-a-justica-pela-multiprogramacao","status":"publish","type":"post","link":"https:\/\/obscom.intervozes.org.br\/?p=23022","title":{"rendered":"Band e RedeTV v\u00e3o \u00e0 Justi\u00e7a pela multiprograma\u00e7\u00e3o"},"content":{"rendered":"<p> \t<!-- \t\t@page { margin: 2cm } \t\tP { margin-bottom: 0.21cm } \t--> \t <\/p>\n<p style=\"margin-bottom: 0cm\" class=\"western padrao\">Com o interesse manifesto de virem a oferecer multiprograma&ccedil;&atilde;o na TV Digital, a Band e a RedeTV, por meio da Associa&ccedil;&atilde;o Brasileira de Radiodifusores (Abra), entidade que representa as duas emissoras, ingressaram no Superior Tribunal de Justi&ccedil;a (STJ), nesta segunda-feira (6), com a&ccedil;&atilde;o onde pedem que seja suspensa a restri&ccedil;&atilde;o &agrave;s emissoras comerciais de utilizarem o Sistema Brasileiro de TV Digital para oferecerem mais de um canal aos telespectadores.<\/p>\n<p>A a&ccedil;&atilde;o &eacute;, na pr&aacute;tica, um pedido de tutela antecipada para que sejam suspensos os efeitos do artigo 10.3 da Portaria 24\/2009, do Minist&eacute;rio das Comunica&ccedil;&otilde;es, que trata da Norma Geral para Execu&ccedil;&atilde;o dos Servi&ccedil;os de Televis&atilde;o P&uacute;blica Digital.<\/p>\n<p>O artigo questionado &#8211; &uacute;ltimo do texto &#8211; limita a multiprograma&ccedil;&atilde;o &agrave;s TVs p&uacute;blicas, ao definir que &quot;a multiprograma&ccedil;&atilde;o somente poder&aacute; ser realizada nos canais a que se refere o art. 12 do Decreto no 5.820, de 29 de junho de 2006 [trata dos quatro canais digitais a serem explorados diretamente pela Uni&atilde;o], consignados a &oacute;rg&atilde;os e entidade integrantes dos poderes da Uni&atilde;o&quot;. Para a Abra, o tratamento n&atilde;o pode ser diferenciado. <\/p>\n<p>&quot;O pr&oacute;prio ministro das Comunica&ccedil;&otilde;es declarou que n&atilde;o era contra a multiprograma&ccedil;&atilde;o. Esper&aacute;vamos que ele modificasse a portaria ou, como prometeu, que encaminhasse o assunto ao Congresso Nacional. Como nada disso aconteceu, entramos com a a&ccedil;&atilde;o&quot;, justifica o vice-presidente da Abra, Frederico Nogueira, em entrevista ao Converg&ecirc;ncia Digital.<\/p>\n<p>O executivo sustenta que durante a escolha do padr&atilde;o de TV Digital, a op&ccedil;&atilde;o daquele com maior poder de compacta&ccedil;&atilde;o &#8211; o MPEG4, do padr&atilde;o japon&ecirc;s, e n&atilde;o MPEG2, usado na Europa e nos Estados Unidos &#8211; foi fortemente influenciada pela possibilidade de as emissoras usarem a ferramenta para oferecerem multiprograma&ccedil;&atilde;o. <\/p>\n<p>Segundo Nogueira, apesar da a&ccedil;&atilde;o ser da Abra, entidade que congrega Band e RedeTV, h&aacute; outros interessados em oferecer mais de um canal. &quot;O presidente da Record j&aacute; disse que tem interesse, a MTV tamb&eacute;m, assim como a TV Gazeta. A pr&oacute;pria Globo diz que quer gerar uma programa&ccedil;&atilde;o diferenciada no oneseg (TV Digital no celular), mas isso tamb&eacute;m n&atilde;o ser&aacute; poss&iacute;vel da maneira como est&aacute; colocado&quot;, lamenta o vice-presidente da Abra. <\/p>\n<p>O Ministro das Comunica&ccedil;&otilde;es, H&eacute;lio Costa, j&aacute; declarou que h&aacute; temores jur&iacute;dicos de se permitir a multiprograma&ccedil;&atilde;o pelas emissoras comerciais, pois a lei impediria uma mesma concession&aacute;ria de gerar dois sinais em uma mesma localidade. Para Nogueira, no entanto, esta restri&ccedil;&atilde;o n&atilde;o existe. &ldquo;N&atilde;o concordamos com essa avalia&ccedil;&atilde;o e entendemos que n&atilde;o h&aacute; amparo legal para isso&quot;, afirma.<\/p>\n<p>Costa prometeu que o Minist&eacute;rio das Comunica&ccedil;&otilde;es teria uma regra espec&iacute;fica para as emissoras comerciais pouco tempo depois de publicado o decreto que definiu a multiprograma&ccedil;&atilde;o para as TVs p&uacute;blicas. Depois voltou atr&aacute;s e adiou o tema, alegando que ele seria discutido em profundidade durante a Confer&ecirc;ncia Nacional de Comunica&ccedil;&atilde;o, pr&eacute;-agendada para acontecer em dezembro. Isso porque o governo quer maturar um pouco mais o debate. At&eacute; l&aacute;, as TVs p&uacute;blicas est&atilde;o liberadas para fazer a multiprograma&ccedil;&atilde;o.<\/p>\n<p>Outro argumento utilizado contra a multiprograma&ccedil;&atilde;o nas TVs comerciais &eacute; o receio de que os canais sejam &#39;alugados&#39; a terceiros. Para Nogueira, da Abra, essa quest&atilde;o poderia ser facilmente superada com regras espec&iacute;ficas. &quot;Se for assim, que se ponha a proibi&ccedil;&atilde;o com regras, mas n&atilde;o ao ponto de limitar a multiprograma&ccedil;&atilde;o&quot;, sustentou.<\/p>\n","protected":false},"excerpt":{"rendered":"<p>Com o interesse manifesto de virem a oferecer multiprograma&ccedil;&atilde;o na TV Digital, a Band e a RedeTV, por meio da Associa&ccedil;&atilde;o Brasileira de Radiodifusores (Abra), entidade que representa as duas emissoras, ingressaram no Superior Tribunal de Justi&ccedil;a (STJ), nesta segunda-feira (6), com a&ccedil;&atilde;o onde pedem que seja suspensa a restri&ccedil;&atilde;o &agrave;s emissoras comerciais de utilizarem &hellip; <a href=\"https:\/\/obscom.intervozes.org.br\/?p=23022\" class=\"more-link\">Continue lendo <span class=\"screen-reader-text\">Band e RedeTV v\u00e3o \u00e0 Justi\u00e7a pela multiprograma\u00e7\u00e3o<\/span> <span class=\"meta-nav\">&rarr;<\/span><\/a><\/p>\n","protected":false},"author":1,"featured_media":0,"comment_status":"open","ping_status":"open","sticky":false,"template":"","format":"standard","meta":{"footnotes":""},"categories":[40],"tags":[79],"_links":{"self":[{"href":"https:\/\/obscom.intervozes.org.br\/index.php?rest_route=\/wp\/v2\/posts\/23022"}],"collection":[{"href":"https:\/\/obscom.intervozes.org.br\/index.php?rest_route=\/wp\/v2\/posts"}],"about":[{"href":"https:\/\/obscom.intervozes.org.br\/index.php?rest_route=\/wp\/v2\/types\/post"}],"author":[{"embeddable":true,"href":"https:\/\/obscom.intervozes.org.br\/index.php?rest_route=\/wp\/v2\/users\/1"}],"replies":[{"embeddable":true,"href":"https:\/\/obscom.intervozes.org.br\/index.php?rest_route=%2Fwp%2Fv2%2Fcomments&post=23022"}],"version-history":[{"count":0,"href":"https:\/\/obscom.intervozes.org.br\/index.php?rest_route=\/wp\/v2\/posts\/23022\/revisions"}],"wp:attachment":[{"href":"https:\/\/obscom.intervozes.org.br\/index.php?rest_route=%2Fwp%2Fv2%2Fmedia&parent=23022"}],"wp:term":[{"taxonomy":"category","embeddable":true,"href":"https:\/\/obscom.intervozes.org.br\/index.php?rest_route=%2Fwp%2Fv2%2Fcategories&post=23022"},{"taxonomy":"post_tag","embeddable":true,"href":"https:\/\/obscom.intervozes.org.br\/index.php?rest_route=%2Fwp%2Fv2%2Ftags&post=23022"}],"curies":[{"name":"wp","href":"https:\/\/api.w.org\/{rel}","templated":true}]}}