{"id":23020,"date":"2009-07-06T15:48:18","date_gmt":"2009-07-06T15:48:18","guid":{"rendered":"https:\/\/obscom.intervozes.org.br\/wordpress\/?p=23020"},"modified":"2009-07-06T15:48:18","modified_gmt":"2009-07-06T15:48:18","slug":"usado-para-pagar-divida-fistel-e-questionado-na-justica-por-teles","status":"publish","type":"post","link":"https:\/\/obscom.intervozes.org.br\/?p=23020","title":{"rendered":"Usado para pagar d\u00edvida, Fistel \u00e9 questionado na Justi\u00e7a por teles"},"content":{"rendered":"<p>   \t \t \t \t \t<!-- \t\t@page { margin: 2cm } \t\tP { margin-bottom: 0.21cm } \t--> \t  <\/p>\n<p style=\"margin-bottom: 0cm\" class=\"western padrao padrao\"><em>[T&iacute;tulo original: Operadoras x Governo: Cobran&ccedil;a do Fistel vira embate judicial]<\/em><\/p>\n<p>A decis&atilde;o do governo de utilizar boa parte dos recursos arrecadados no setor de Telecomunica&ccedil;&otilde;es para o super&aacute;vit prim&aacute;rio est&aacute;, oficialmente, sendo questionada pelas prestadoras de servi&ccedil;os. A primeira batalha, no entanto, foi perdida na 8&ordf; Vara de Justi&ccedil;a Federal, em Bras&iacute;lia. <\/p>\n<p>Atrav&eacute;s do SindTelebrasil, as teles tentaram um mandado de seguran&ccedil;a contra a cobran&ccedil;a do Fistel &#8211; taxa de fiscaliza&ccedil;&atilde;o de Telecomunica&ccedil;&otilde;es &#8211;&nbsp;que de janeiro a abril deste ano, j&aacute; arrecadou R$ 2,128.733.690,55 para os cofres p&uacute;blicos, sendo que apenas 0,28% &#8211; R$ 5.871.527,44, segundo dados da a&ccedil;&atilde;o, foi destinado &agrave; sua finalidade: Fiscaliza&ccedil;&atilde;o por parte da Anatel [Ag&ecirc;ncia Nacional de Telecomunica&ccedil;&otilde;es]. <\/p>\n<p>O juiz Tales Queiroz rejeitou o pedido de liminar sob a justificativa que n&atilde;o havia prova de inconstitucionalidade e ilegalidade da cobran&ccedil;a do imposto. O resultado da rejei&ccedil;&atilde;o de liminar foi conhecido na &uacute;ltima sexta-feira (3). A briga das operadoras com o governo &eacute; em fun&ccedil;&atilde;o da elevada alta carga tribut&aacute;ria imposta ao setor. <\/p>\n<p>Segundo dados apresentados para a Justi&ccedil;a pelo SindTelebrasil, de 2004 a 2009 (janeiro a abril) as prestadoras de servi&ccedil;os apenas no Fundo de Fiscaliza&ccedil;&atilde;o das Telecomunica&ccedil;&otilde;es (Fistel)&nbsp;pagaram&nbsp;o montante de R$ 11.126.135.526.52, sendo que apenas 1,39% desse total foi destinado para a sua real fun&ccedil;&atilde;o na ag&ecirc;ncia reguladora do setor&nbsp;&#8211; R$ 154.610.197,07. Todo o restante foi destinado ao super&aacute;vit prim&aacute;rio do governo. <\/p>\n<p>As teles questionam que se menos de 2% dos recursos s&atilde;o destinados para a Anatel, h&aacute; &#39;uma exig&ecirc;ncia desnecess&aacute;ria de recursos&#39;. Ainda segundo a justificativa do SindTelebrasil para a a&ccedil;&atilde;o est&aacute; o fato de no Or&ccedil;amento da Anatel para 2009 j&aacute; h&aacute; uma previs&atilde;o de contigenciamento de recursos de R$ 3.475.151.711,00. Enquanto apenas R$ 75.236.872,00 est&atilde;o direcionados para a fiscaliza&ccedil;&atilde;o do setor.&nbsp;<\/p>\n<p>O juiz Tales Kraus Queiroz, da 8&ordf; Vara do Distrito Federal, por&eacute;m, n&atilde;o teve esse entendimento e&nbsp;n&atilde;o concedeu a liminar interposta pelo Sindicato porque considerou que n&atilde;o havia provas de &#39;inconstitucionalidade e ilegalidade da cobran&ccedil;a&#39;. As teles, agora, tamb&eacute;m atrav&eacute;s do SindTelebrasil, v&atilde;o recorrer ao Tribunal Regional Federal.<\/p>\n","protected":false},"excerpt":{"rendered":"<p>[T&iacute;tulo original: Operadoras x Governo: Cobran&ccedil;a do Fistel vira embate judicial] A decis&atilde;o do governo de utilizar boa parte dos recursos arrecadados no setor de Telecomunica&ccedil;&otilde;es para o super&aacute;vit prim&aacute;rio est&aacute;, oficialmente, sendo questionada pelas prestadoras de servi&ccedil;os. A primeira batalha, no entanto, foi perdida na 8&ordf; Vara de Justi&ccedil;a Federal, em Bras&iacute;lia. Atrav&eacute;s do &hellip; <a href=\"https:\/\/obscom.intervozes.org.br\/?p=23020\" class=\"more-link\">Continue lendo <span class=\"screen-reader-text\">Usado para pagar d\u00edvida, Fistel \u00e9 questionado na Justi\u00e7a por teles<\/span> <span class=\"meta-nav\">&rarr;<\/span><\/a><\/p>\n","protected":false},"author":1,"featured_media":0,"comment_status":"open","ping_status":"open","sticky":false,"template":"","format":"standard","meta":{"footnotes":""},"categories":[40],"tags":[1055],"_links":{"self":[{"href":"https:\/\/obscom.intervozes.org.br\/index.php?rest_route=\/wp\/v2\/posts\/23020"}],"collection":[{"href":"https:\/\/obscom.intervozes.org.br\/index.php?rest_route=\/wp\/v2\/posts"}],"about":[{"href":"https:\/\/obscom.intervozes.org.br\/index.php?rest_route=\/wp\/v2\/types\/post"}],"author":[{"embeddable":true,"href":"https:\/\/obscom.intervozes.org.br\/index.php?rest_route=\/wp\/v2\/users\/1"}],"replies":[{"embeddable":true,"href":"https:\/\/obscom.intervozes.org.br\/index.php?rest_route=%2Fwp%2Fv2%2Fcomments&post=23020"}],"version-history":[{"count":0,"href":"https:\/\/obscom.intervozes.org.br\/index.php?rest_route=\/wp\/v2\/posts\/23020\/revisions"}],"wp:attachment":[{"href":"https:\/\/obscom.intervozes.org.br\/index.php?rest_route=%2Fwp%2Fv2%2Fmedia&parent=23020"}],"wp:term":[{"taxonomy":"category","embeddable":true,"href":"https:\/\/obscom.intervozes.org.br\/index.php?rest_route=%2Fwp%2Fv2%2Fcategories&post=23020"},{"taxonomy":"post_tag","embeddable":true,"href":"https:\/\/obscom.intervozes.org.br\/index.php?rest_route=%2Fwp%2Fv2%2Ftags&post=23020"}],"curies":[{"name":"wp","href":"https:\/\/api.w.org\/{rel}","templated":true}]}}