{"id":23009,"date":"2009-07-03T11:16:31","date_gmt":"2009-07-03T11:16:31","guid":{"rendered":"https:\/\/obscom.intervozes.org.br\/wordpress\/?p=23009"},"modified":"2009-07-03T11:16:31","modified_gmt":"2009-07-03T11:16:31","slug":"governo-gastou-r-21-bilhoes-do-fust-com-divida-publica","status":"publish","type":"post","link":"https:\/\/obscom.intervozes.org.br\/?p=23009","title":{"rendered":"Governo gastou R$ 2,1 bilh\u00f5es do Fust com d\u00edvida p\u00fablica"},"content":{"rendered":"<p> \t<!-- \t\t@page { margin: 2cm } \t\tP { margin-bottom: 0.21cm } \t--> \t <\/p>\n<p style=\"margin-bottom: 0cm\" class=\"western\"><span class=\"padrao\">Depois de dez anos de cria&ccedil;&atilde;o, pela primeira vez um montante expressivo do Fundo de Universaliza&ccedil;&otilde;es dos Servi&ccedil;os de Telecomunica&ccedil;&otilde;es (Fust) foi usado. Cerca de R$ 2,1 bilh&otilde;es da reserva do Fust foram gastos no ano passado. Mas o destino do recurso nada tem a ver com as telecomunica&ccedil;&otilde;es. <\/p>\n<p>A quantia foi desvinculada e gasta com o pagamento de juros da d&iacute;vida p&uacute;blica, mesmo sendo definido como &quot;verba carimbada&quot;, ou seja, que s&oacute; pode ser aplicada na &aacute;rea prevista na lei que a criou. <\/p>\n<p>O &quot;sumi&ccedil;o&quot; dos R$ 2,1 bilh&otilde;es foi percebido pelo Tribunal de Contas da Uni&atilde;o (TCU) e est&aacute; registrado no relat&oacute;rio sobre a aprova&ccedil;&atilde;o das contas do governo em 2008. &quot;A disponibilidade total do Fundo de Universaliza&ccedil;&atilde;o dos Servi&ccedil;os de Telecomunica&ccedil;&otilde;es (Fust) que em 2007 totalizava R$ 5,3 bilh&otilde;es, foi reduzida em 2008 para R$ 3,2 bilh&otilde;es. Tal queda n&atilde;o ocorreu em virtude da utiliza&ccedil;&atilde;o dos recursos, j&aacute; que nada foi executado dos R$ 7,3 milh&otilde;es alocados na LOA\/2008 (Lei Or&ccedil;ament&aacute;ria Anual) para o programa &#39;Universaliza&ccedil;&atilde;o dos Servi&ccedil;os de Telecomunica&ccedil;&otilde;es&#39;. A redu&ccedil;&atilde;o da disponibilidade decorreu de desvincula&ccedil;&atilde;o de recursos do Fundo para pagamento da d&iacute;vida p&uacute;blica&quot;, relatam os t&eacute;cnicos do tribunal no documento sobre as contas do ano passado. <\/p>\n<p>Mas como o governo conseguiu usar R$ 2,1 bilh&otilde;es de um fundo destinado &agrave; expans&atilde;o das telecomunica&ccedil;&otilde;es para o pagamento da d&iacute;vida p&uacute;blica? A resposta, em princ&iacute;pio, est&aacute; em dois atos emitidos pela Presid&ecirc;ncia da Rep&uacute;blica no ano passado. Um deles &eacute; a Lei n&ordm; 11.803, de 5 de novembro de 2008, que trata da utiliza&ccedil;&atilde;o do super&aacute;vit financeiro acumulado at&eacute; 31 de dezembro de 2007. Esta lei, criada a partir da MP 450\/2008, permite que o saldo do super&aacute;vit seja utilizado para a &quot;amortiza&ccedil;&atilde;o da D&iacute;vida P&uacute;blica Mobili&aacute;ria Federal Interna&quot;. As novas regras resguardam apenas as &quot;fontes decorrentes de vincula&ccedil;&atilde;o constitucional e de reparti&ccedil;&atilde;o de receitas a estados e munic&iacute;pios&quot;.<\/p>\n<p>Tudo indica que o Fust n&atilde;o foi visto como uma fonte com &quot;vincula&ccedil;&atilde;o constitucional&quot;. Isso porque em 11 de setembro de 2008 &#8211; quando a MP j&aacute; estava em vigor mas ainda n&atilde;o tinha virado lei &#8211; o governo emitiu um decreto sem n&uacute;mero abrindo cr&eacute;dito suplementar de R$ 40,864 bilh&otilde;es para pagamento de &quot;encargos financeiros da Uni&atilde;o&quot;, o que inclui o pagamento dos juros da d&iacute;vida p&uacute;blica, com recursos de diversas fontes. Entre elas, estariam os R$ 2,1 bilh&otilde;es do Fust. <\/p>\n<p>A confirma&ccedil;&atilde;o de que a desvincula&ccedil;&atilde;o do fundo das telecomunica&ccedil;&otilde;es ocorreu neste ato vem de fontes do TCU. Al&eacute;m do Fust, outros fundos, como o da Marinha, tamb&eacute;m teriam tido recursos transferidos para o pagamento da d&iacute;vida. Por ora n&atilde;o h&aacute; uma investiga&ccedil;&atilde;o do tribunal sobre a legalidade desta transfer&ecirc;ncia, mas uma coisa &eacute; certa: o dinheiro n&atilde;o existe mais. <\/p>\n<p>Existem algumas alternativas para &quot;recuperar&quot; a verba usada pelo governo, mas nenhuma delas &eacute; simples. Um caminho seria a recomposi&ccedil;&atilde;o dos cr&eacute;ditos em um ato do pr&oacute;prio governo, repassando verbas de outras rubricas para o Fust. Outra possibilidade seria a constata&ccedil;&atilde;o de que o ato que desvinculou as verbas &eacute; inconstitucional e, portanto, inv&aacute;lido. Esta reportagem n&atilde;o conseguiu informa&ccedil;&atilde;o sobre nenhum movimento, em qualquer sentido, para repor a verba utilizada. <\/p>\n<p>A legalidade da desvincula&ccedil;&atilde;o pode ser uma d&uacute;vida. Em princ&iacute;pio, qualquer Contribui&ccedil;&atilde;o de Interven&ccedil;&atilde;o no Dom&iacute;nio Econ&ocirc;mico (Cide) n&atilde;o pode sofrer aplica&ccedil;&atilde;o da Desvincula&ccedil;&atilde;o das Receitas da Uni&atilde;o (DRU), mecanismo que d&aacute; flexibilidade na destina&ccedil;&atilde;o Or&ccedil;ament&aacute;ria. Esses recursos seriam as tais &quot;verbas carimbadas&quot;, t&atilde;o citadas em diversos setores da administra&ccedil;&atilde;o. O &quot;carimbo&quot; &eacute; uma analogia de que a verba s&oacute; pode ser usada dentro da sua &aacute;rea de destina&ccedil;&atilde;o prevista em lei. O problema &eacute; que nem todos os juristas entendem que o Fust &eacute; uma Cide. Caso seja, a desvincula&ccedil;&atilde;o das verbas pode ser inconstitucional. <\/p>\n<p><strong>Crescimento falso<\/strong><\/p>\n<p>Mas um fato que n&atilde;o envolve controv&eacute;rsia jur&iacute;dica e &eacute; t&atilde;o grave quanto a nova destina&ccedil;&atilde;o que o governo encontrou para o fundo &eacute; a constata&ccedil;&atilde;o de que o bolo financeiro do Fust que cresce a cada ano, na verdade, n&atilde;o existe. <\/p>\n<p>Segundo fontes do governo, os bilh&otilde;es anunciados todo ano n&atilde;o s&atilde;o um n&uacute;mero de trabalho or&ccedil;ament&aacute;rio e a maior parte destes recursos est&aacute; na &quot;vala comum&quot; do super&aacute;vit financeiro. Que o dinheiro n&atilde;o usado engordava os cofres p&uacute;blicos, isso n&atilde;o &eacute; novidade para ningu&eacute;m. Mas o uso recente demonstra que o Fust n&atilde;o tem mantido seus privil&eacute;gios como fundo de fomento a partir do momento em que &eacute; depositado na conta do super&aacute;vit. <\/p>\n<p>Do ponto de vista financeiro, a arrecada&ccedil;&atilde;o total do Fust em nove anos j&aacute; est&aacute; pr&oacute;xima dos R$ 8 bilh&otilde;es, sem contar o &quot;desaparecimento&quot; dos R$ 2,1 bilh&atilde;o. Mas este n&uacute;mero n&atilde;o &eacute; refletido no Or&ccedil;amento da Uni&atilde;o h&aacute; muito tempo. Na pr&aacute;tica, contam as fontes, o Executivo s&oacute; conta com a receita corrente do fundo, em torno de R$ 300 milh&otilde;es ao ano. E ainda assim, h&aacute; restri&ccedil;&otilde;es para a execu&ccedil;&atilde;o or&ccedil;ament&aacute;ria. Mas, frente a todos esses obst&aacute;culos, pesa em desfavor da &aacute;rea de telecomunica&ccedil;&otilde;es o fato de os recursos jamais terem sido usados. Apenas uma vez houve uma movimenta&ccedil;&atilde;o concreta para o uso de uma parte &iacute;nfima da verba &#8211; aproximadamente R$ 7 milh&otilde;es -, mas pelos dados do TCU a execu&ccedil;&atilde;o n&atilde;o foi feita at&eacute; hoje.  <\/span>  <\/p>\n","protected":false},"excerpt":{"rendered":"<p>Depois de dez anos de cria&ccedil;&atilde;o, pela primeira vez um montante expressivo do Fundo de Universaliza&ccedil;&otilde;es dos Servi&ccedil;os de Telecomunica&ccedil;&otilde;es (Fust) foi usado. Cerca de R$ 2,1 bilh&otilde;es da reserva do Fust foram gastos no ano passado. Mas o destino do recurso nada tem a ver com as telecomunica&ccedil;&otilde;es. A quantia foi desvinculada e gasta &hellip; <a href=\"https:\/\/obscom.intervozes.org.br\/?p=23009\" class=\"more-link\">Continue lendo <span class=\"screen-reader-text\">Governo gastou R$ 2,1 bilh\u00f5es do Fust com d\u00edvida p\u00fablica<\/span> <span class=\"meta-nav\">&rarr;<\/span><\/a><\/p>\n","protected":false},"author":1,"featured_media":0,"comment_status":"open","ping_status":"open","sticky":false,"template":"","format":"standard","meta":{"footnotes":""},"categories":[40],"tags":[1055],"_links":{"self":[{"href":"https:\/\/obscom.intervozes.org.br\/index.php?rest_route=\/wp\/v2\/posts\/23009"}],"collection":[{"href":"https:\/\/obscom.intervozes.org.br\/index.php?rest_route=\/wp\/v2\/posts"}],"about":[{"href":"https:\/\/obscom.intervozes.org.br\/index.php?rest_route=\/wp\/v2\/types\/post"}],"author":[{"embeddable":true,"href":"https:\/\/obscom.intervozes.org.br\/index.php?rest_route=\/wp\/v2\/users\/1"}],"replies":[{"embeddable":true,"href":"https:\/\/obscom.intervozes.org.br\/index.php?rest_route=%2Fwp%2Fv2%2Fcomments&post=23009"}],"version-history":[{"count":0,"href":"https:\/\/obscom.intervozes.org.br\/index.php?rest_route=\/wp\/v2\/posts\/23009\/revisions"}],"wp:attachment":[{"href":"https:\/\/obscom.intervozes.org.br\/index.php?rest_route=%2Fwp%2Fv2%2Fmedia&parent=23009"}],"wp:term":[{"taxonomy":"category","embeddable":true,"href":"https:\/\/obscom.intervozes.org.br\/index.php?rest_route=%2Fwp%2Fv2%2Fcategories&post=23009"},{"taxonomy":"post_tag","embeddable":true,"href":"https:\/\/obscom.intervozes.org.br\/index.php?rest_route=%2Fwp%2Fv2%2Ftags&post=23009"}],"curies":[{"name":"wp","href":"https:\/\/api.w.org\/{rel}","templated":true}]}}