{"id":23008,"date":"2009-07-02T15:15:34","date_gmt":"2009-07-02T15:15:34","guid":{"rendered":"https:\/\/obscom.intervozes.org.br\/wordpress\/?p=23008"},"modified":"2009-07-02T15:15:34","modified_gmt":"2009-07-02T15:15:34","slug":"silencio-na-comunicacao-ou-o-corte-que-nao-e-noticia","status":"publish","type":"post","link":"https:\/\/obscom.intervozes.org.br\/?p=23008","title":{"rendered":"Sil\u00eancio na comunica\u00e7\u00e3o ou O corte que n\u00e3o \u00e9 noticia"},"content":{"rendered":"\n<p style=\"text-align: justify\"> A quarta-feira, 30 de junho, foi um dia especial para a classe trabalhadora brasileira, embora muito pouca gente tenha sido informada. Nesta data, a Comiss&atilde;o Especial da C&acirc;mara que analisava a redu&ccedil;&atilde;o da jornada de trabalho para 40 horas semanais &#8211; sem redu&ccedil;&atilde;o de sal&aacute;rio &#8211; aprovou o relat&oacute;rio do ex-presidente da CUT, deputado Vicentinho (PT-SP). Agora, o tema vai para plen&aacute;rio.<span class=\"padrao\"><\/p>\n<p>Conforme o Dieese, mais de dois milh&otilde;es e duzentos mil empregos podem ser gerados com a medida, mais do que necess&aacute;ria para o fortalecimento do mercado interno e o enfrentamento aos impactos da crise internacional em nosso pa&iacute;s. Importante tamb&eacute;m como elemento de justi&ccedil;a, j&aacute; que a produtividade aumentou mais de 150% desde a &uacute;ltima redu&ccedil;&atilde;o da jornada, feita pela Assembl&eacute;ia Nacional Constituinte em 1988. Com a decis&atilde;o, ganham a sa&uacute;de, o lazer, a cultura, a fam&iacute;lia&#8230;<\/p>\n<p>E como a m&iacute;dia acompanhou a vota&ccedil;&atilde;o? Quantas redes de r&aacute;dio e televis&atilde;o cobriram o plen&aacute;rio completamente lotado pelas principais lideran&ccedil;as do pa&iacute;s, de todas as centrais sindicais, comemorando um passo hist&oacute;rico? Ignorando solenemente as exig&ecirc;ncias da pr&oacute;pria Constitui&ccedil;&atilde;o de que a m&iacute;dia deve ter um papel al&eacute;m de informativo, educativo e formativo, demonstraram que sua pauta atende os interesses de quem est&aacute; do outro lado do guich&ecirc;. Os que lucram com a explora&ccedil;&atilde;o do mundo do trabalho. Afinal, quem paga a banda escolhe a m&uacute;sica, n&atilde;o &eacute; mesmo? Desta forma, o tilintar dos cifr&otilde;es fala mais alto e embala as reda&ccedil;&otilde;es.<\/p>\n<p>No exato momento em que transcorria a vota&ccedil;&atilde;o, um valoroso fot&oacute;grafo cutista, Roberto Parizotti, documentava a variedade &#8211; e a mesmice &#8211; das telinhas dos televisores numa loja de eletrodom&eacute;sticos. Absolutamente nada, sil&ecirc;ncio sepulcral. Aquele fato com que tanto vibramos simplesmente n&atilde;o era not&iacute;cia para os que, sendo propriet&aacute;rios de concess&otilde;es p&uacute;blicas, se cr&ecirc;em donos da m&iacute;dia &#8211; e do pa&iacute;s.<\/p>\n<p>Uns dias antes, nossa Central enviou uma carta ao Minist&eacute;rio do Planejamento onde condenamos o corte de 80% dos recursos previstos para a realiza&ccedil;&atilde;o da Confer&ecirc;ncia Nacional de Comunica&ccedil;&atilde;o (Confecom), convocada pelo pr&oacute;prio presidente Lula durante o F&oacute;rum Social Mundial de Bel&eacute;m, em janeiro. Alertamos que, se mantida a posi&ccedil;&atilde;o ministerial de reduzir de R$ 8,2 milh&otilde;es para R$ 1,6 milh&atilde;o a dota&ccedil;&atilde;o or&ccedil;ament&aacute;ria, haver&aacute; esvaziamento da discuss&atilde;o sobre a urgente e necess&aacute;ria democratiza&ccedil;&atilde;o das comunica&ccedil;&otilde;es e que &quot;por isso se faz necess&aacute;rio que tal decis&atilde;o seja imediatamente revista, a fim de que as comiss&otilde;es possam continuar fazendo o seu trabalho e o evento n&atilde;o seja definitivamente inviabilizado pela gravidade dos cortes &#8211; e o conseq&uuml;ente comprometimento dos prazos&quot;.<\/p>\n<p>Lembramos que os recursos previstos j&aacute; n&atilde;o garantiam sequer a participa&ccedil;&atilde;o dos suplentes &#8211; representantes da sociedade civil n&atilde;o-empresarial &#8211; na Comiss&atilde;o Organizadora da Confecom, respons&aacute;vel por coordenar, supervisionar, elaborar o regimento interno e realizar a Confer&ecirc;ncia Nacional de Comunica&ccedil;&atilde;o. E que a falta de provis&atilde;o or&ccedil;ament&aacute;ria atentava contra os prazos e a qualidade dos debates.<\/p>\n<p>Os movimentos que lutam pela democratiza&ccedil;&atilde;o da comunica&ccedil;&atilde;o, pela pluralidade e diversidade, querem aproveitar o processo da Confer&ecirc;ncia para ampliar os espa&ccedil;os comunit&aacute;rios, p&uacute;blicos e estatais, a fim de que o direito humano &agrave; comunica&ccedil;&atilde;o seja respeitado e n&atilde;o continue sendo tratado como moeda de troca, sem crit&eacute;rio nem controle social, para deleite dos que mercantilizam a informa&ccedil;&atilde;o.<\/p>\n<p>No momento em que os monop&oacute;lios de m&iacute;dia elevam o volume &#8211; e o tom &#8211; multiplicando inconsci&ecirc;ncias, entendemos perfeitamente as raz&otilde;es do corte continuar sendo segredo e n&atilde;o not&iacute;cia. A Confer&ecirc;ncia precisa deste recurso. O Brasil agradece.<\/p>\n<p><em>Rosane Bertotti &eacute; secret&aacute;ria de comunica&ccedil;&atilde;o da Central &Uacute;nica dos Trabalhadores (CUT).<\/em><\/span> <\/p>\n","protected":false},"excerpt":{"rendered":"<p>A quarta-feira, 30 de junho, foi um dia especial para a classe trabalhadora brasileira, embora muito pouca gente tenha sido informada. Nesta data, a Comiss&atilde;o Especial da C&acirc;mara que analisava a redu&ccedil;&atilde;o da jornada de trabalho para 40 horas semanais &#8211; sem redu&ccedil;&atilde;o de sal&aacute;rio &#8211; aprovou o relat&oacute;rio do ex-presidente da CUT, deputado Vicentinho &hellip; <a href=\"https:\/\/obscom.intervozes.org.br\/?p=23008\" class=\"more-link\">Continue lendo <span class=\"screen-reader-text\">Sil\u00eancio na comunica\u00e7\u00e3o ou O corte que n\u00e3o \u00e9 noticia<\/span> <span class=\"meta-nav\">&rarr;<\/span><\/a><\/p>\n","protected":false},"author":1,"featured_media":0,"comment_status":"open","ping_status":"open","sticky":false,"template":"","format":"standard","meta":{"footnotes":""},"categories":[42],"tags":[998],"_links":{"self":[{"href":"https:\/\/obscom.intervozes.org.br\/index.php?rest_route=\/wp\/v2\/posts\/23008"}],"collection":[{"href":"https:\/\/obscom.intervozes.org.br\/index.php?rest_route=\/wp\/v2\/posts"}],"about":[{"href":"https:\/\/obscom.intervozes.org.br\/index.php?rest_route=\/wp\/v2\/types\/post"}],"author":[{"embeddable":true,"href":"https:\/\/obscom.intervozes.org.br\/index.php?rest_route=\/wp\/v2\/users\/1"}],"replies":[{"embeddable":true,"href":"https:\/\/obscom.intervozes.org.br\/index.php?rest_route=%2Fwp%2Fv2%2Fcomments&post=23008"}],"version-history":[{"count":0,"href":"https:\/\/obscom.intervozes.org.br\/index.php?rest_route=\/wp\/v2\/posts\/23008\/revisions"}],"wp:attachment":[{"href":"https:\/\/obscom.intervozes.org.br\/index.php?rest_route=%2Fwp%2Fv2%2Fmedia&parent=23008"}],"wp:term":[{"taxonomy":"category","embeddable":true,"href":"https:\/\/obscom.intervozes.org.br\/index.php?rest_route=%2Fwp%2Fv2%2Fcategories&post=23008"},{"taxonomy":"post_tag","embeddable":true,"href":"https:\/\/obscom.intervozes.org.br\/index.php?rest_route=%2Fwp%2Fv2%2Ftags&post=23008"}],"curies":[{"name":"wp","href":"https:\/\/api.w.org\/{rel}","templated":true}]}}