{"id":23001,"date":"2009-07-02T14:30:31","date_gmt":"2009-07-02T14:30:31","guid":{"rendered":"https:\/\/obscom.intervozes.org.br\/wordpress\/?p=23001"},"modified":"2009-07-02T14:30:31","modified_gmt":"2009-07-02T14:30:31","slug":"comissao-ira-propor-estagio-obrigatorio-para-jornalismo","status":"publish","type":"post","link":"https:\/\/obscom.intervozes.org.br\/?p=23001","title":{"rendered":"Comiss\u00e3o ir\u00e1 propor est\u00e1gio obrigat\u00f3rio para jornalismo"},"content":{"rendered":"\n<p class=\"padrao\"><u><strong>Reproduzido do Folha Online<br \/><\/strong><\/u><br \/>A comiss&atilde;o de especialistas que analisa mudan&ccedil;as no curso de jornalismo ir&aacute; propor um est&aacute;gio obrigat&oacute;rio para quem quiser obter o diploma. A ideia ser&aacute; levada na semana que vem ao ministro Fernando Haddad (Educa&ccedil;&atilde;o) pelos oito professores universit&aacute;rios que ele convocou para analisar o curr&iacute;culo do jornalismo.<\/p>\n<p>A comiss&atilde;o quer tamb&eacute;m ampliar a carga hor&aacute;ria do curso de 2.700 horas para 3.200, j&aacute; com 200 horas do est&aacute;gio obrigat&oacute;rio.<\/p>\n<p>Tamb&eacute;m ser&aacute; recomendado &agrave;s universidades que abram mais mestrados profissionais (com mais &ecirc;nfase na pr&aacute;tica) ap&oacute;s o fim da obrigatoriedade do diploma para o exerc&iacute;cio do jornalismo. Ser&atilde;o propostas diretrizes curriculares espec&iacute;ficas para o curso de jornalismo, hoje tratado apenas como uma habilita&ccedil;&atilde;o da &aacute;rea de comunica&ccedil;&atilde;o social. <\/p>\n<p class=\"padrao\">&nbsp;<\/p>\n","protected":false},"excerpt":{"rendered":"<p>Reproduzido do Folha OnlineA comiss&atilde;o de especialistas que analisa mudan&ccedil;as no curso de jornalismo ir&aacute; propor um est&aacute;gio obrigat&oacute;rio para quem quiser obter o diploma. A ideia ser&aacute; levada na semana que vem ao ministro Fernando Haddad (Educa&ccedil;&atilde;o) pelos oito professores universit&aacute;rios que ele convocou para analisar o curr&iacute;culo do jornalismo. A comiss&atilde;o quer tamb&eacute;m &hellip; <a href=\"https:\/\/obscom.intervozes.org.br\/?p=23001\" class=\"more-link\">Continue lendo <span class=\"screen-reader-text\">Comiss\u00e3o ir\u00e1 propor est\u00e1gio obrigat\u00f3rio para jornalismo<\/span> <span class=\"meta-nav\">&rarr;<\/span><\/a><\/p>\n","protected":false},"author":1,"featured_media":0,"comment_status":"open","ping_status":"open","sticky":false,"template":"","format":"standard","meta":{"footnotes":""},"categories":[39],"tags":[],"_links":{"self":[{"href":"https:\/\/obscom.intervozes.org.br\/index.php?rest_route=\/wp\/v2\/posts\/23001"}],"collection":[{"href":"https:\/\/obscom.intervozes.org.br\/index.php?rest_route=\/wp\/v2\/posts"}],"about":[{"href":"https:\/\/obscom.intervozes.org.br\/index.php?rest_route=\/wp\/v2\/types\/post"}],"author":[{"embeddable":true,"href":"https:\/\/obscom.intervozes.org.br\/index.php?rest_route=\/wp\/v2\/users\/1"}],"replies":[{"embeddable":true,"href":"https:\/\/obscom.intervozes.org.br\/index.php?rest_route=%2Fwp%2Fv2%2Fcomments&post=23001"}],"version-history":[{"count":0,"href":"https:\/\/obscom.intervozes.org.br\/index.php?rest_route=\/wp\/v2\/posts\/23001\/revisions"}],"wp:attachment":[{"href":"https:\/\/obscom.intervozes.org.br\/index.php?rest_route=%2Fwp%2Fv2%2Fmedia&parent=23001"}],"wp:term":[{"taxonomy":"category","embeddable":true,"href":"https:\/\/obscom.intervozes.org.br\/index.php?rest_route=%2Fwp%2Fv2%2Fcategories&post=23001"},{"taxonomy":"post_tag","embeddable":true,"href":"https:\/\/obscom.intervozes.org.br\/index.php?rest_route=%2Fwp%2Fv2%2Ftags&post=23001"}],"curies":[{"name":"wp","href":"https:\/\/api.w.org\/{rel}","templated":true}]}}