{"id":23000,"date":"2009-07-02T14:26:54","date_gmt":"2009-07-02T14:26:54","guid":{"rendered":"https:\/\/obscom.intervozes.org.br\/wordpress\/?p=23000"},"modified":"2009-07-02T14:26:54","modified_gmt":"2009-07-02T14:26:54","slug":"minicom-nao-cumpre-recomendacao-do-mpf-sobre-maisa","status":"publish","type":"post","link":"https:\/\/obscom.intervozes.org.br\/?p=23000","title":{"rendered":"Minicom n\u00e3o cumpre recomenda\u00e7\u00e3o do MPF sobre Ma\u00edsa"},"content":{"rendered":"\n<p class=\"padrao\">Na &uacute;ltima sexta-feira (26), o Minist&eacute;rio P&uacute;blico Federal em S&atilde;o Paulo (MPF-SP), atrav&eacute;s da Procuradoria Regional dos Direitos do Cidad&atilde;o, recomendou que o Minist&eacute;rio das Comunica&ccedil;&otilde;es instaurasse um procedimento administrativo para apurar a exposi&ccedil;&atilde;o de Maisa Silva no &quot;Programa Silvio Santos&quot;, exibido pelo SBT, nos dias 10 e 17 de maio desse ano.<\/p>\n<p>Nas duas ocasi&otilde;es, Maisa passou por situa&ccedil;&otilde;es de &quot;pranto convulsivo e aparente estado de desespero, enquanto o apresentador e animador de audit&oacute;rio Senor Abravanel aparentava extrema tranquilidade e alegria com o desenrolar dos fatos&quot;, segundo a Assessoria de Comunica&ccedil;&atilde;o Procuradoria da Rep&uacute;blica no Estado de S. Paulo.<\/p>\n<p>No dia 10, Maisa foi trancada em uma mala e se assustou. Depois, entrou em aparente desespero com a exibi&ccedil;&atilde;o de um menino mascarado. Depois, a crian&ccedil;a ficou nervosa ao ser provocada pelo apresentador, desesperou-se e chorou ao bater a cabe&ccedil;a em uma c&acirc;mera.<\/p>\n<p>O Minist&eacute;rio, no entanto, se recusou a instaurar o procedimento, alegando que n&atilde;o h&aacute; na legisla&ccedil;&atilde;o de Servi&ccedil;os de Radiodifus&atilde;o atual nada que o obrigue a atuar no caso. O Procurador Regional dos Direitos do Cidad&atilde;o, Jefferson Aparecido Dias, discordou, afirmando que &quot;o artigo 114 do Regimento Interno do Minist&eacute;rio das Comunica&ccedil;&otilde;es coloca como obriga&ccedil;&atilde;o do &oacute;rg&atilde;o promover instaura&ccedil;&atilde;o de procedimento administrativo visando apurar infra&ccedil;&otilde;es de qualquer natureza referentes aos servi&ccedil;os de radiodifus&atilde;o&quot;.<\/p>\n<p>Para o MPF, caso o &oacute;rg&atilde;o n&atilde;o apure a exposi&ccedil;&atilde;o de Ma&iacute;sa no SBT, pode cometer improbidade administrativa por omiss&atilde;o. &quot;A omiss&atilde;o dos representantes do Minist&eacute;rio das Comunica&ccedil;&otilde;es no presente caso poder&aacute; acarretar, em tese, a configura&ccedil;&atilde;o de ato de improbidade administrativa e o MPF adotar&aacute; as medidas cab&iacute;veis caso isso ocorra&quot;, declarou Dias.<\/p>\n<p>Caso o Minist&eacute;rio das Comunica&ccedil;&otilde;es acate a recomenda&ccedil;&atilde;o, o MPF pede que &oacute;rg&atilde;o envie, a cada 30 dias, as medidas que est&atilde;o sendo adotadas dentro do procedimento administrativo instaurado.<\/p>\n","protected":false},"excerpt":{"rendered":"<p>Na &uacute;ltima sexta-feira (26), o Minist&eacute;rio P&uacute;blico Federal em S&atilde;o Paulo (MPF-SP), atrav&eacute;s da Procuradoria Regional dos Direitos do Cidad&atilde;o, recomendou que o Minist&eacute;rio das Comunica&ccedil;&otilde;es instaurasse um procedimento administrativo para apurar a exposi&ccedil;&atilde;o de Maisa Silva no &quot;Programa Silvio Santos&quot;, exibido pelo SBT, nos dias 10 e 17 de maio desse ano. Nas duas &hellip; <a href=\"https:\/\/obscom.intervozes.org.br\/?p=23000\" class=\"more-link\">Continue lendo <span class=\"screen-reader-text\">Minicom n\u00e3o cumpre recomenda\u00e7\u00e3o do MPF sobre Ma\u00edsa<\/span> <span class=\"meta-nav\">&rarr;<\/span><\/a><\/p>\n","protected":false},"author":1,"featured_media":0,"comment_status":"open","ping_status":"open","sticky":false,"template":"","format":"standard","meta":{"footnotes":""},"categories":[40],"tags":[373],"_links":{"self":[{"href":"https:\/\/obscom.intervozes.org.br\/index.php?rest_route=\/wp\/v2\/posts\/23000"}],"collection":[{"href":"https:\/\/obscom.intervozes.org.br\/index.php?rest_route=\/wp\/v2\/posts"}],"about":[{"href":"https:\/\/obscom.intervozes.org.br\/index.php?rest_route=\/wp\/v2\/types\/post"}],"author":[{"embeddable":true,"href":"https:\/\/obscom.intervozes.org.br\/index.php?rest_route=\/wp\/v2\/users\/1"}],"replies":[{"embeddable":true,"href":"https:\/\/obscom.intervozes.org.br\/index.php?rest_route=%2Fwp%2Fv2%2Fcomments&post=23000"}],"version-history":[{"count":0,"href":"https:\/\/obscom.intervozes.org.br\/index.php?rest_route=\/wp\/v2\/posts\/23000\/revisions"}],"wp:attachment":[{"href":"https:\/\/obscom.intervozes.org.br\/index.php?rest_route=%2Fwp%2Fv2%2Fmedia&parent=23000"}],"wp:term":[{"taxonomy":"category","embeddable":true,"href":"https:\/\/obscom.intervozes.org.br\/index.php?rest_route=%2Fwp%2Fv2%2Fcategories&post=23000"},{"taxonomy":"post_tag","embeddable":true,"href":"https:\/\/obscom.intervozes.org.br\/index.php?rest_route=%2Fwp%2Fv2%2Ftags&post=23000"}],"curies":[{"name":"wp","href":"https:\/\/api.w.org\/{rel}","templated":true}]}}