{"id":22997,"date":"2009-07-01T00:35:01","date_gmt":"2009-07-01T00:35:01","guid":{"rendered":"https:\/\/obscom.intervozes.org.br\/wordpress\/?p=22997"},"modified":"2009-07-01T00:35:01","modified_gmt":"2009-07-01T00:35:01","slug":"audiencia-debatera-demissoes-da-oi-apos-fusao","status":"publish","type":"post","link":"https:\/\/obscom.intervozes.org.br\/?p=22997","title":{"rendered":"Audi\u00eancia debater\u00e1 demiss\u00f5es da Oi ap\u00f3s fus\u00e3o"},"content":{"rendered":"\n<p class=\"padrao\">A Comiss&atilde;o de Trabalho, de Administra&ccedil;&atilde;o e Servi&ccedil;o P&uacute;blico realiza na quarta-feira (1&ordm;) audi&ecirc;ncia p&uacute;blica para discutir as demiss&otilde;es feitas pela empresa Oi, que comprou a Brasil Telecom em 2008. A audi&ecirc;ncia foi sugerida pelo deputado Luiz Carlos Busato (PTB-RS), que quer ouvir esclarecimentos sobre a situa&ccedil;&atilde;o dos funcion&aacute;rios da empresa.<\/p>\n<p>Segundo informa&ccedil;&otilde;es divulgadas pela imprensa, a Oi demitiu em abril cerca de 500 funcion&aacute;rios, principalmente das &aacute;reas de mercado e vendas, por motivo de reestrutura&ccedil;&atilde;o ap&oacute;s a compra da Brasil Telecom. Em fevereiro, logo ap&oacute;s a conclus&atilde;o da compra, a empresa j&aacute; teria eliminado cerca de 400 cargos de ger&ecirc;ncia.<\/p>\n<p>Segundo nota divulgada pela Oi, os demitidos ter&atilde;o o seguro de vida e o plano de sa&uacute;de mantidos at&eacute; o fim do ano. Tamb&eacute;m ter&atilde;o o apoio, por um ano, de consultoria para recoloca&ccedil;&atilde;o profissional. A Oi anunciou, ainda, que os demitidos receber&atilde;o uma indeniza&ccedil;&atilde;o de 0,3 sal&aacute;rio para cada ano de trabalho na empresa, com piso de 1,5 sal&aacute;rio e teto de 6 sal&aacute;rios.<\/p>\n<p>Cerca de 20% dos demitidos ser&atilde;o inseridos no plano de aposentadoria incentivada criado pela empresa em fevereiro. Nesse caso, a indeniza&ccedil;&atilde;o &eacute; de 0,4 sal&aacute;rio para cada ano trabalhado na empresa, com limite de 12 sal&aacute;rios. As demiss&otilde;es teriam ocorrido principalmente em S&atilde;o Paulo, no Rio de Janeiro e em Bras&iacute;lia. Estimativas de entidades sindicais apontam que o n&uacute;mero de demiss&otilde;es na empresa poder&aacute; ser de 3 a 5 mil, de um total de 15 mil empregados.<\/p>\n<p class=\"padrao\">Convidados<br \/>Foram convidados para a audi&ecirc;ncia:<br \/>&#8211; o ministro do Trabalho, Carlos Lupi;<br \/>&#8211; o presidente da Oi, Luiz Eduardo Falco Pires Correa;<br \/>&#8211; o presidente do Sindicato dos Telef&ocirc;nicos do Rio Grande do Sul (Sinttel\/RS), Fl&aacute;vio Leonardo Silveira Rodrigues;<br \/>&#8211; o vice-presidente do Sinttel\/RS, Gilnei Porto Azambuja;<br \/>&#8211; o presidente da Federa&ccedil;&atilde;o Interestadual dos Trabalhadores em Telecomunica&ccedil;&otilde;es (Fittel), Br&iacute;gido Ramos;<br \/>&#8211; o presidente do Conselho Deliberativo da Ag&ecirc;ncia Nacional de Telecomunica&ccedil;&otilde;es (Anatel), Ronaldo Mota Sardenberg.<\/p>\n<p><span class=\"padrao\">A audi&ecirc;ncia ser&aacute; realizada &agrave;s 11 horas, no plen&aacute;rio 12.<\/p>\n<p><\/span><\/p>\n","protected":false},"excerpt":{"rendered":"<p>A Comiss&atilde;o de Trabalho, de Administra&ccedil;&atilde;o e Servi&ccedil;o P&uacute;blico realiza na quarta-feira (1&ordm;) audi&ecirc;ncia p&uacute;blica para discutir as demiss&otilde;es feitas pela empresa Oi, que comprou a Brasil Telecom em 2008. A audi&ecirc;ncia foi sugerida pelo deputado Luiz Carlos Busato (PTB-RS), que quer ouvir esclarecimentos sobre a situa&ccedil;&atilde;o dos funcion&aacute;rios da empresa. Segundo informa&ccedil;&otilde;es divulgadas pela &hellip; <a href=\"https:\/\/obscom.intervozes.org.br\/?p=22997\" class=\"more-link\">Continue lendo <span class=\"screen-reader-text\">Audi\u00eancia debater\u00e1 demiss\u00f5es da Oi ap\u00f3s fus\u00e3o<\/span> <span class=\"meta-nav\">&rarr;<\/span><\/a><\/p>\n","protected":false},"author":1,"featured_media":0,"comment_status":"open","ping_status":"open","sticky":false,"template":"","format":"standard","meta":{"footnotes":""},"categories":[40],"tags":[1053],"_links":{"self":[{"href":"https:\/\/obscom.intervozes.org.br\/index.php?rest_route=\/wp\/v2\/posts\/22997"}],"collection":[{"href":"https:\/\/obscom.intervozes.org.br\/index.php?rest_route=\/wp\/v2\/posts"}],"about":[{"href":"https:\/\/obscom.intervozes.org.br\/index.php?rest_route=\/wp\/v2\/types\/post"}],"author":[{"embeddable":true,"href":"https:\/\/obscom.intervozes.org.br\/index.php?rest_route=\/wp\/v2\/users\/1"}],"replies":[{"embeddable":true,"href":"https:\/\/obscom.intervozes.org.br\/index.php?rest_route=%2Fwp%2Fv2%2Fcomments&post=22997"}],"version-history":[{"count":0,"href":"https:\/\/obscom.intervozes.org.br\/index.php?rest_route=\/wp\/v2\/posts\/22997\/revisions"}],"wp:attachment":[{"href":"https:\/\/obscom.intervozes.org.br\/index.php?rest_route=%2Fwp%2Fv2%2Fmedia&parent=22997"}],"wp:term":[{"taxonomy":"category","embeddable":true,"href":"https:\/\/obscom.intervozes.org.br\/index.php?rest_route=%2Fwp%2Fv2%2Fcategories&post=22997"},{"taxonomy":"post_tag","embeddable":true,"href":"https:\/\/obscom.intervozes.org.br\/index.php?rest_route=%2Fwp%2Fv2%2Ftags&post=22997"}],"curies":[{"name":"wp","href":"https:\/\/api.w.org\/{rel}","templated":true}]}}