{"id":22995,"date":"2009-06-30T16:55:37","date_gmt":"2009-06-30T16:55:37","guid":{"rendered":"https:\/\/obscom.intervozes.org.br\/wordpress\/?p=22995"},"modified":"2009-06-30T16:55:37","modified_gmt":"2009-06-30T16:55:37","slug":"militares-fecham-estacoes-de-tv-e-radio-em-honduras","status":"publish","type":"post","link":"https:\/\/obscom.intervozes.org.br\/?p=22995","title":{"rendered":"Militares fecham esta\u00e7\u00f5es de TV e r\u00e1dio em Honduras"},"content":{"rendered":"<p>A deposi&ccedil;&atilde;o do presidente hondurenho Manuel Zelaya por grupos militares gerou cerceamento nas atividades da imprensa no pa&iacute;s. V&aacute;rias esta&ccedil;&otilde;es de r&aacute;dio e TV foram fechadas entre domingo e a &uacute;ltima segunda-feira (29). Entidades internacionais de defesa da imprensa repudiaram a medida.<\/p>\n<p>Ap&oacute;s os militares tirarem Zelaya do poder e o obrigarem a se refugiar na Costa Rica, soldados fecharam as redes internacionais de TV CNN, em Espanhol e Telesur, da Venezuela.&nbsp; Um canal pr&oacute;-governo tamb&eacute;m foi censurado pelos soldados. <\/p>\n<p>Nesta ter&ccedil;a-feira (30), manifestantes criticaram os jornais El Heraldo e El Tribuno, ve&iacute;culos livres de censura dos militares. Segundo a popula&ccedil;&atilde;o, os peri&oacute;dicos teriam coniv&ecirc;ncia e apoio ao golpe de Estado. <br \/>&nbsp;&nbsp; <br \/>Em nota, a organiza&ccedil;&atilde;o Rep&oacute;rteres Sem Fronteiras (RSF) criticou a medida dos militares. De acordo com a entidade, a a&ccedil;&atilde;o mostra que os &quot;l&iacute;deres do golpe querem esconder o que est&aacute; acontecendo&quot;. <\/p>\n<p>Manuel Zelaya foi deposto no &uacute;ltimo final de semana por autoridades militares de Honduras. A justificativa &eacute; de que o ent&atilde;o chefe de Estado queria aprovar mudan&ccedil;as na legisla&ccedil;&atilde;o, para se manter no mandato. Os presidentes de Brasil e dos Estados Unidos, Lula e Barack Obama, respectivamente, repudiaram a medida e n&atilde;o reconheceram a legitimidade do novo governo hondurenho. A informa&ccedil;&atilde;o &eacute; da ag&ecirc;ncia Reuters.&nbsp; <\/p>\n<p>&nbsp;<\/p>\n<p>&nbsp;<\/p>\n<p>&nbsp;<\/p>\n","protected":false},"excerpt":{"rendered":"<p>A deposi&ccedil;&atilde;o do presidente hondurenho Manuel Zelaya por grupos militares gerou cerceamento nas atividades da imprensa no pa&iacute;s. V&aacute;rias esta&ccedil;&otilde;es de r&aacute;dio e TV foram fechadas entre domingo e a &uacute;ltima segunda-feira (29). Entidades internacionais de defesa da imprensa repudiaram a medida. Ap&oacute;s os militares tirarem Zelaya do poder e o obrigarem a se refugiar &hellip; <a href=\"https:\/\/obscom.intervozes.org.br\/?p=22995\" class=\"more-link\">Continue lendo <span class=\"screen-reader-text\">Militares fecham esta\u00e7\u00f5es de TV e r\u00e1dio em Honduras<\/span> <span class=\"meta-nav\">&rarr;<\/span><\/a><\/p>\n","protected":false},"author":1,"featured_media":0,"comment_status":"open","ping_status":"open","sticky":false,"template":"","format":"standard","meta":{"footnotes":""},"categories":[40],"tags":[433],"_links":{"self":[{"href":"https:\/\/obscom.intervozes.org.br\/index.php?rest_route=\/wp\/v2\/posts\/22995"}],"collection":[{"href":"https:\/\/obscom.intervozes.org.br\/index.php?rest_route=\/wp\/v2\/posts"}],"about":[{"href":"https:\/\/obscom.intervozes.org.br\/index.php?rest_route=\/wp\/v2\/types\/post"}],"author":[{"embeddable":true,"href":"https:\/\/obscom.intervozes.org.br\/index.php?rest_route=\/wp\/v2\/users\/1"}],"replies":[{"embeddable":true,"href":"https:\/\/obscom.intervozes.org.br\/index.php?rest_route=%2Fwp%2Fv2%2Fcomments&post=22995"}],"version-history":[{"count":0,"href":"https:\/\/obscom.intervozes.org.br\/index.php?rest_route=\/wp\/v2\/posts\/22995\/revisions"}],"wp:attachment":[{"href":"https:\/\/obscom.intervozes.org.br\/index.php?rest_route=%2Fwp%2Fv2%2Fmedia&parent=22995"}],"wp:term":[{"taxonomy":"category","embeddable":true,"href":"https:\/\/obscom.intervozes.org.br\/index.php?rest_route=%2Fwp%2Fv2%2Fcategories&post=22995"},{"taxonomy":"post_tag","embeddable":true,"href":"https:\/\/obscom.intervozes.org.br\/index.php?rest_route=%2Fwp%2Fv2%2Ftags&post=22995"}],"curies":[{"name":"wp","href":"https:\/\/api.w.org\/{rel}","templated":true}]}}