{"id":22991,"date":"2009-06-30T16:23:08","date_gmt":"2009-06-30T16:23:08","guid":{"rendered":"https:\/\/obscom.intervozes.org.br\/wordpress\/?p=22991"},"modified":"2009-06-30T16:23:08","modified_gmt":"2009-06-30T16:23:08","slug":"camara-e-assembleia-legislativa-de-sp-transmitirao-com-multiprogramacao","status":"publish","type":"post","link":"https:\/\/obscom.intervozes.org.br\/?p=22991","title":{"rendered":"C\u00e2mara e Assembleia Legislativa de SP transmitir\u00e3o com multiprograma\u00e7\u00e3o"},"content":{"rendered":"<p><u><strong>Reproduzido do&nbsp; Tela Viva News <\/strong><\/u><\/p>\n<p>A transmiss&atilde;o experimental e com equipamento provis&oacute;rio em multiprograma&ccedil;&atilde;o das TVs C&acirc;mara e Alesp em S&atilde;o Paulo agora ser&aacute; definitiva. O presidente da C&acirc;mara, Michel Temer, e o presidente da Assembleia Legislativa do Estado de S&atilde;o Paulo, Barros Munhoz, assinam nesta quarta, 1&ordm;, parceria para a transmiss&atilde;o definitiva do canal 61, com as programa&ccedil;&otilde;es simult&acirc;neas dos dois conte&uacute;dos. <\/p>\n<p>A transmiss&atilde;o experimental das na cidade de S&atilde;o Paulo come&ccedil;ou em outubro de 2008, mas tinha cobertura limitada. Agora, com a chegada do transmissor definitivo, com alta pot&ecirc;ncia, a transmiss&atilde;o atingir&aacute; toda a capital paulista.<\/p>\n","protected":false},"excerpt":{"rendered":"<p>Reproduzido do&nbsp; Tela Viva News A transmiss&atilde;o experimental e com equipamento provis&oacute;rio em multiprograma&ccedil;&atilde;o das TVs C&acirc;mara e Alesp em S&atilde;o Paulo agora ser&aacute; definitiva. O presidente da C&acirc;mara, Michel Temer, e o presidente da Assembleia Legislativa do Estado de S&atilde;o Paulo, Barros Munhoz, assinam nesta quarta, 1&ordm;, parceria para a transmiss&atilde;o definitiva do canal &hellip; <a href=\"https:\/\/obscom.intervozes.org.br\/?p=22991\" class=\"more-link\">Continue lendo <span class=\"screen-reader-text\">C\u00e2mara e Assembleia Legislativa de SP transmitir\u00e3o com multiprograma\u00e7\u00e3o<\/span> <span class=\"meta-nav\">&rarr;<\/span><\/a><\/p>\n","protected":false},"author":1,"featured_media":0,"comment_status":"open","ping_status":"open","sticky":false,"template":"","format":"standard","meta":{"footnotes":""},"categories":[39],"tags":[],"_links":{"self":[{"href":"https:\/\/obscom.intervozes.org.br\/index.php?rest_route=\/wp\/v2\/posts\/22991"}],"collection":[{"href":"https:\/\/obscom.intervozes.org.br\/index.php?rest_route=\/wp\/v2\/posts"}],"about":[{"href":"https:\/\/obscom.intervozes.org.br\/index.php?rest_route=\/wp\/v2\/types\/post"}],"author":[{"embeddable":true,"href":"https:\/\/obscom.intervozes.org.br\/index.php?rest_route=\/wp\/v2\/users\/1"}],"replies":[{"embeddable":true,"href":"https:\/\/obscom.intervozes.org.br\/index.php?rest_route=%2Fwp%2Fv2%2Fcomments&post=22991"}],"version-history":[{"count":0,"href":"https:\/\/obscom.intervozes.org.br\/index.php?rest_route=\/wp\/v2\/posts\/22991\/revisions"}],"wp:attachment":[{"href":"https:\/\/obscom.intervozes.org.br\/index.php?rest_route=%2Fwp%2Fv2%2Fmedia&parent=22991"}],"wp:term":[{"taxonomy":"category","embeddable":true,"href":"https:\/\/obscom.intervozes.org.br\/index.php?rest_route=%2Fwp%2Fv2%2Fcategories&post=22991"},{"taxonomy":"post_tag","embeddable":true,"href":"https:\/\/obscom.intervozes.org.br\/index.php?rest_route=%2Fwp%2Fv2%2Ftags&post=22991"}],"curies":[{"name":"wp","href":"https:\/\/api.w.org\/{rel}","templated":true}]}}