{"id":22981,"date":"2009-06-29T11:45:10","date_gmt":"2009-06-29T11:45:10","guid":{"rendered":"https:\/\/obscom.intervozes.org.br\/wordpress\/?p=22981"},"modified":"2009-06-29T11:45:10","modified_gmt":"2009-06-29T11:45:10","slug":"anatel-impoe-restricoes-a-entrada-da-telefonica-no-capital-da-tim","status":"publish","type":"post","link":"https:\/\/obscom.intervozes.org.br\/?p=22981","title":{"rendered":"Anatel imp\u00f5e restri\u00e7\u00f5es \u00e0 entrada da Telef\u00f4nica no capital da TIM"},"content":{"rendered":"<p><span class=\"padrao\">A Ag&ecirc;ncia Nacional de Telecomunica&ccedil;&otilde;es (Anatel) anunciou hoje novas restri&ccedil;&otilde;es &agrave; entrada da Telef&ocirc;nica no capital da operadora de telefonia celular TIM, filial brasileira da Telecom Italia. <\/span>Entre as novas restri&ccedil;&otilde;es se encontra a proibi&ccedil;&atilde;o de que os membros do conselho de administra&ccedil;&atilde;o de qualquer empresa da Telef&ocirc;nica sejam escolhidos como integrantes de qualquer companhia da Telecom Italia e vice-versa, segundo informou a Anatel.<\/p>\n<p>Al&eacute;m disso, foi determinado que os dois grupos empresariais apresentem informa&ccedil;&otilde;es relacionadas aos contratos de presta&ccedil;&atilde;o de servi&ccedil;os de telecomunica&ccedil;&otilde;es entre as companhias dos grupos. As empresas tamb&eacute;m dever&atilde;o apresentar &agrave; Anatel em um prazo de 30 dias as c&oacute;pias das atas das reuni&otilde;es de seus respectivos conselhos de administra&ccedil;&atilde;o e das assembl&eacute;ias de acionistas nas quais ocorram elei&ccedil;&otilde;es para os respectivos conselhos.<\/p>\n<p>Em sua reuni&atilde;o de hoje, a Anatel aprovou a lista de 28 restri&ccedil;&otilde;es que tinha estabelecido em 2007, quando a opera&ccedil;&atilde;o foi anunciada, e que eram o &uacute;nico empecilho para a aprova&ccedil;&atilde;o definitiva da opera&ccedil;&atilde;o. A Anatel deu hoje seu consentimento &agrave; opera&ccedil;&atilde;o, mas estabeleceu essa lista de normas para tratar de evitar a concentra&ccedil;&atilde;o excessiva do mercado de operadoras de telefonia m&oacute;vel.<\/p>\n<p>A filial brasileira da Telef&ocirc;nica controla, de maneira compartilhada com a Portugal Telecom, a Vivo, l&iacute;der no mercado de telefonia celular brasileiro, enquanto a Telecom Italia controla a TIM, a segunda em n&uacute;mero de clientes. A Vivo e a TIM respondem por cerca de 50% do mercado de telefonia m&oacute;vel no Brasil, somando cerca de 78 milh&otilde;es de linhas de celulares.<\/p>\n","protected":false},"excerpt":{"rendered":"<p>A Ag&ecirc;ncia Nacional de Telecomunica&ccedil;&otilde;es (Anatel) anunciou hoje novas restri&ccedil;&otilde;es &agrave; entrada da Telef&ocirc;nica no capital da operadora de telefonia celular TIM, filial brasileira da Telecom Italia. Entre as novas restri&ccedil;&otilde;es se encontra a proibi&ccedil;&atilde;o de que os membros do conselho de administra&ccedil;&atilde;o de qualquer empresa da Telef&ocirc;nica sejam escolhidos como integrantes de qualquer companhia &hellip; <a href=\"https:\/\/obscom.intervozes.org.br\/?p=22981\" class=\"more-link\">Continue lendo <span class=\"screen-reader-text\">Anatel imp\u00f5e restri\u00e7\u00f5es \u00e0 entrada da Telef\u00f4nica no capital da TIM<\/span> <span class=\"meta-nav\">&rarr;<\/span><\/a><\/p>\n","protected":false},"author":1,"featured_media":0,"comment_status":"open","ping_status":"open","sticky":false,"template":"","format":"standard","meta":{"footnotes":""},"categories":[40],"tags":[645],"_links":{"self":[{"href":"https:\/\/obscom.intervozes.org.br\/index.php?rest_route=\/wp\/v2\/posts\/22981"}],"collection":[{"href":"https:\/\/obscom.intervozes.org.br\/index.php?rest_route=\/wp\/v2\/posts"}],"about":[{"href":"https:\/\/obscom.intervozes.org.br\/index.php?rest_route=\/wp\/v2\/types\/post"}],"author":[{"embeddable":true,"href":"https:\/\/obscom.intervozes.org.br\/index.php?rest_route=\/wp\/v2\/users\/1"}],"replies":[{"embeddable":true,"href":"https:\/\/obscom.intervozes.org.br\/index.php?rest_route=%2Fwp%2Fv2%2Fcomments&post=22981"}],"version-history":[{"count":0,"href":"https:\/\/obscom.intervozes.org.br\/index.php?rest_route=\/wp\/v2\/posts\/22981\/revisions"}],"wp:attachment":[{"href":"https:\/\/obscom.intervozes.org.br\/index.php?rest_route=%2Fwp%2Fv2%2Fmedia&parent=22981"}],"wp:term":[{"taxonomy":"category","embeddable":true,"href":"https:\/\/obscom.intervozes.org.br\/index.php?rest_route=%2Fwp%2Fv2%2Fcategories&post=22981"},{"taxonomy":"post_tag","embeddable":true,"href":"https:\/\/obscom.intervozes.org.br\/index.php?rest_route=%2Fwp%2Fv2%2Ftags&post=22981"}],"curies":[{"name":"wp","href":"https:\/\/api.w.org\/{rel}","templated":true}]}}