{"id":22974,"date":"2009-06-26T11:58:09","date_gmt":"2009-06-26T11:58:09","guid":{"rendered":"https:\/\/obscom.intervozes.org.br\/wordpress\/?p=22974"},"modified":"2009-06-26T11:58:09","modified_gmt":"2009-06-26T11:58:09","slug":"camara-aprova-realizacao-de-audiencia-publica-sobre-diploma-de-jornalismo","status":"publish","type":"post","link":"https:\/\/obscom.intervozes.org.br\/?p=22974","title":{"rendered":"C\u00e2mara aprova realiza\u00e7\u00e3o de audi\u00eancia p\u00fablica sobre diploma de Jornalismo"},"content":{"rendered":"\n<p class=\"padrao\"><u><strong>Reproduzido do Portal Imprensa<\/strong><\/u><\/p>\n<p>A C&acirc;mara dos Deputados vai realizar uma audi&ecirc;ncia p&uacute;blica para discutir a  decis&atilde;o do Supremo Tribunal Federal, que extinguiu a exig&ecirc;ncia do diploma de  jornalismo para o exerc&iacute;cio da profiss&atilde;o. O requerimento, de autoria do deputado  Miguel Corr&ecirc;a (PT-MG), foi aprovado na tarde desta quarta-feira (24) pela  Comiss&atilde;o de Desenvolvimento Econ&ocirc;mico, Ind&uacute;stria e Com&eacute;rcio.<\/p>\n<p>O deputado diz respeitar a decis&atilde;o do Supremo, mas defende que a C&acirc;mara est&aacute;  cumprindo o seu papel. &ldquo;&Eacute; uma posi&ccedil;&atilde;o do ministro do Supremo e eu respeito inteiramente. Agora, &eacute;  &oacute;bvio tamb&eacute;m que isto n&atilde;o impede a Casa Legislativa de manter os seus trabalhos.  Aqui no Congresso, n&oacute;s temos outro entendimento&quot;, afirmou Corr&ecirc;a sobre a  declara&ccedil;&atilde;o dada pelo presidente do STF, Gilmar Mendes, de que a decis&atilde;o &eacute;  irrevers&iacute;vel.<\/p>\n<p>Com informa&ccedil;&otilde;es da Ag&ecirc;ncia C&acirc;mara<\/p>\n","protected":false},"excerpt":{"rendered":"<p>Reproduzido do Portal Imprensa A C&acirc;mara dos Deputados vai realizar uma audi&ecirc;ncia p&uacute;blica para discutir a decis&atilde;o do Supremo Tribunal Federal, que extinguiu a exig&ecirc;ncia do diploma de jornalismo para o exerc&iacute;cio da profiss&atilde;o. O requerimento, de autoria do deputado Miguel Corr&ecirc;a (PT-MG), foi aprovado na tarde desta quarta-feira (24) pela Comiss&atilde;o de Desenvolvimento Econ&ocirc;mico, &hellip; <a href=\"https:\/\/obscom.intervozes.org.br\/?p=22974\" class=\"more-link\">Continue lendo <span class=\"screen-reader-text\">C\u00e2mara aprova realiza\u00e7\u00e3o de audi\u00eancia p\u00fablica sobre diploma de Jornalismo<\/span> <span class=\"meta-nav\">&rarr;<\/span><\/a><\/p>\n","protected":false},"author":1,"featured_media":0,"comment_status":"open","ping_status":"open","sticky":false,"template":"","format":"standard","meta":{"footnotes":""},"categories":[39],"tags":[],"_links":{"self":[{"href":"https:\/\/obscom.intervozes.org.br\/index.php?rest_route=\/wp\/v2\/posts\/22974"}],"collection":[{"href":"https:\/\/obscom.intervozes.org.br\/index.php?rest_route=\/wp\/v2\/posts"}],"about":[{"href":"https:\/\/obscom.intervozes.org.br\/index.php?rest_route=\/wp\/v2\/types\/post"}],"author":[{"embeddable":true,"href":"https:\/\/obscom.intervozes.org.br\/index.php?rest_route=\/wp\/v2\/users\/1"}],"replies":[{"embeddable":true,"href":"https:\/\/obscom.intervozes.org.br\/index.php?rest_route=%2Fwp%2Fv2%2Fcomments&post=22974"}],"version-history":[{"count":0,"href":"https:\/\/obscom.intervozes.org.br\/index.php?rest_route=\/wp\/v2\/posts\/22974\/revisions"}],"wp:attachment":[{"href":"https:\/\/obscom.intervozes.org.br\/index.php?rest_route=%2Fwp%2Fv2%2Fmedia&parent=22974"}],"wp:term":[{"taxonomy":"category","embeddable":true,"href":"https:\/\/obscom.intervozes.org.br\/index.php?rest_route=%2Fwp%2Fv2%2Fcategories&post=22974"},{"taxonomy":"post_tag","embeddable":true,"href":"https:\/\/obscom.intervozes.org.br\/index.php?rest_route=%2Fwp%2Fv2%2Ftags&post=22974"}],"curies":[{"name":"wp","href":"https:\/\/api.w.org\/{rel}","templated":true}]}}