{"id":22972,"date":"2009-06-25T15:38:19","date_gmt":"2009-06-25T15:38:19","guid":{"rendered":"https:\/\/obscom.intervozes.org.br\/wordpress\/?p=22972"},"modified":"2009-06-25T15:38:19","modified_gmt":"2009-06-25T15:38:19","slug":"regionalizacao-da-midia","status":"publish","type":"post","link":"https:\/\/obscom.intervozes.org.br\/?p=22972","title":{"rendered":"Regionaliza\u00e7\u00e3o da m\u00eddia"},"content":{"rendered":"<p><span class=\"padrao\">Desde 2003, a Secretaria de Comunica&ccedil;&atilde;o Social da Presid&ecirc;ncia da Rep&uacute;blica (Secom) promove um intenso processo de regionaliza&ccedil;&atilde;o da publicidade institucional. Nesse per&iacute;odo, o universo de ve&iacute;culos de comunica&ccedil;&atilde;o contemplados com a propaganda oficial saltou de 499, em 182 munic&iacute;pios, para 5.297, em 1.149 cidades, ou seja, um crescimento de 961%. Os dados foram publicados nesta Folha (31), em reportagem sobre o investimento realizado desde a primeira gest&atilde;o do presidente Luiz In&aacute;cio Lula da Silva. <\/p>\n<p>A reportagem informa, por exemplo, que, quando o presidente Lula assumiu o cargo, os comerciais chegavam a apenas 291 emissoras, mas, no final do ano passado, alcan&ccedil;aram 2.894, entre r&aacute;dios e TVs. <\/p>\n<p>A regionaliza&ccedil;&atilde;o da m&iacute;dia federal &eacute; salutar. Al&eacute;m de baseado em filosofia da pr&oacute;pria Secom, esse processo decorre da eleva&ccedil;&atilde;o dos n&iacute;veis de profissionaliza&ccedil;&atilde;o das empresas de pequeno e m&eacute;dio porte. No entanto, entendemos que esse sistema deve se basear em crit&eacute;rios t&eacute;cnicos rigorosos, com sua respectiva comprova&ccedil;&atilde;o de audi&ecirc;ncia ou circula&ccedil;&atilde;o, a exemplo do que ocorre no mercado privado. <\/p>\n<p>Se assim for, o governo cumpre uma de suas principais obriga&ccedil;&otilde;es, que &eacute; a de prestar contas de seus atos &agrave; sociedade. Os ve&iacute;culos de comunica&ccedil;&atilde;o, sejam de abrang&ecirc;ncia nacional, sejam de abrang&ecirc;ncia local, est&atilde;o entre os meios mais eficazes para faz&ecirc;-lo. Isso &eacute; ainda mais verdadeiro quando se trata de um pa&iacute;s como o Brasil, de dimens&otilde;es continentais, que abriga enorme diversidade cultural, econ&ocirc;mica e social. <\/p>\n<p>A regionaliza&ccedil;&atilde;o &eacute; uma tend&ecirc;ncia que se intensifica nos mercados, no exterior e no Brasil, que buscam estreitar cada vez mais a comunica&ccedil;&atilde;o com seu p&uacute;blico e a ele adequar a sua linguagem e os temas abordados. Por isso, como estrat&eacute;gia complementar a campanhas de abrang&ecirc;ncia nacional, os anunciantes -sejam eles da esfera p&uacute;blica, sejam do setor privado- caminham no sentido de regionalizar suas a&ccedil;&otilde;es, para atingir, com precis&atilde;o, maior fatia da popula&ccedil;&atilde;o. <\/p>\n<p>A raz&atilde;o disso &eacute; conhecida. Os avan&ccedil;os tecnol&oacute;gicos, que reduziram as dist&acirc;ncias e permitiram acesso mais r&aacute;pido e f&aacute;cil a todo tipo de informa&ccedil;&atilde;o, n&atilde;o diminu&iacute;ram a import&acirc;ncia do que acontece no ambiente em que se vive. Apesar do processo crescente de globaliza&ccedil;&atilde;o, nenhuma outra informa&ccedil;&atilde;o interessa mais ao cidad&atilde;o do que aquela que trata das quest&otilde;es locais e regionais, que fala de seu cotidiano, dos epis&oacute;dios e das pessoas conhecidas. <\/p>\n<p>Essa realidade, ali&aacute;s, n&atilde;o &eacute; estranha &agrave; radiodifus&atilde;o brasileira. Ao contr&aacute;rio. O modelo federativo da radiodifus&atilde;o tem a capacidade de reconhecer essas diferen&ccedil;as, de valoriz&aacute;-las e de reproduzi-las para todo o territ&oacute;rio nacional.  Formado por 4.379 emissoras comerciais de r&aacute;dio, entre AM e FM, e 517 geradoras de televis&atilde;o, o setor consegue ter uma dimens&atilde;o nacional e, ao mesmo tempo, um olhar local. <\/p>\n<p>Ali&aacute;s, no Brasil, s&atilde;o in&uacute;meros os exemplos de empresas que cresceram justamente por dar &ecirc;nfase aos interesses comunit&aacute;rios.&nbsp; No caso do r&aacute;dio, com sua hist&oacute;ria quase centen&aacute;ria de servi&ccedil;os prestados ao Brasil, a inter-rela&ccedil;&atilde;o &eacute; ainda mais evidente. Esse ve&iacute;culo de comunica&ccedil;&atilde;o tem uma voca&ccedil;&atilde;o natural para a regionaliza&ccedil;&atilde;o. &Eacute; um meio comunit&aacute;rio por excel&ecirc;ncia, pelo contato direto que tem com a popula&ccedil;&atilde;o, a cidade, o bairro, sua hist&oacute;ria, sua cultura, seus anseios e suas necessidades. <\/p>\n<p> Destaco, ainda, outra caracter&iacute;stica importante das empresas de radiodifus&atilde;o e que interessa, sobremaneira, &agrave; sociedade brasileira em geral. Sabe-se que a sustentabilidade econ&ocirc;mica, proveniente de m&uacute;ltiplos anunciantes, &eacute; o pressuposto essencial para ve&iacute;culos de comunica&ccedil;&atilde;o independentes, capazes de produzir conte&uacute;do de qualidade e de cobrar responsabilidade dos governos. <\/p>\n<p>Pois o &quot;Perfil Socioecon&ocirc;mico da Radiodifus&atilde;o Brasileira&quot; (2007), realizado pela FGV (Funda&ccedil;&atilde;o Getulio Vargas), revelou que o faturamento das empresas do setor depende fundamentalmente da venda de publicidade oriunda de m&uacute;ltiplos segmentos econ&ocirc;micos privados. Esse estudo apontou ainda que, no caso das emissoras de r&aacute;dio, somente 4,9% correspondem a verbas do governo federal, apenas para citar um exemplo. <br \/> Portanto, n&atilde;o se pode considerar relevante esse &iacute;ndice, muito menos supor ou afirmar que tais investimentos comprometam o equil&iacute;brio editorial das emissoras de r&aacute;dio e televis&atilde;o. <\/p>\n<p>Por fim, reiteramos a nossa firme convic&ccedil;&atilde;o de que a democracia depende de uma sociedade civil participativa, de governos transparentes e de uma imprensa independente, em condi&ccedil;&otilde;es de fiscalizar as a&ccedil;&otilde;es dos poderes p&uacute;blicos e de oferecer um servi&ccedil;o de qualidade &agrave; sociedade.<\/p>\n<p><\/span>Daniel Pimentel Slaviero, 29, administrador de empresas, &eacute; presidente da Abert (Associa&ccedil;&atilde;o Brasileira de Emissoras de R&aacute;dio e Televis&atilde;o).<\/p>\n","protected":false},"excerpt":{"rendered":"<p>Desde 2003, a Secretaria de Comunica&ccedil;&atilde;o Social da Presid&ecirc;ncia da Rep&uacute;blica (Secom) promove um intenso processo de regionaliza&ccedil;&atilde;o da publicidade institucional. Nesse per&iacute;odo, o universo de ve&iacute;culos de comunica&ccedil;&atilde;o contemplados com a propaganda oficial saltou de 499, em 182 munic&iacute;pios, para 5.297, em 1.149 cidades, ou seja, um crescimento de 961%. Os dados foram publicados &hellip; <a href=\"https:\/\/obscom.intervozes.org.br\/?p=22972\" class=\"more-link\">Continue lendo <span class=\"screen-reader-text\">Regionaliza\u00e7\u00e3o da m\u00eddia<\/span> <span class=\"meta-nav\">&rarr;<\/span><\/a><\/p>\n","protected":false},"author":1,"featured_media":0,"comment_status":"open","ping_status":"open","sticky":false,"template":"","format":"standard","meta":{"footnotes":""},"categories":[42],"tags":[616],"_links":{"self":[{"href":"https:\/\/obscom.intervozes.org.br\/index.php?rest_route=\/wp\/v2\/posts\/22972"}],"collection":[{"href":"https:\/\/obscom.intervozes.org.br\/index.php?rest_route=\/wp\/v2\/posts"}],"about":[{"href":"https:\/\/obscom.intervozes.org.br\/index.php?rest_route=\/wp\/v2\/types\/post"}],"author":[{"embeddable":true,"href":"https:\/\/obscom.intervozes.org.br\/index.php?rest_route=\/wp\/v2\/users\/1"}],"replies":[{"embeddable":true,"href":"https:\/\/obscom.intervozes.org.br\/index.php?rest_route=%2Fwp%2Fv2%2Fcomments&post=22972"}],"version-history":[{"count":0,"href":"https:\/\/obscom.intervozes.org.br\/index.php?rest_route=\/wp\/v2\/posts\/22972\/revisions"}],"wp:attachment":[{"href":"https:\/\/obscom.intervozes.org.br\/index.php?rest_route=%2Fwp%2Fv2%2Fmedia&parent=22972"}],"wp:term":[{"taxonomy":"category","embeddable":true,"href":"https:\/\/obscom.intervozes.org.br\/index.php?rest_route=%2Fwp%2Fv2%2Fcategories&post=22972"},{"taxonomy":"post_tag","embeddable":true,"href":"https:\/\/obscom.intervozes.org.br\/index.php?rest_route=%2Fwp%2Fv2%2Ftags&post=22972"}],"curies":[{"name":"wp","href":"https:\/\/api.w.org\/{rel}","templated":true}]}}