{"id":22966,"date":"2009-06-25T01:34:05","date_gmt":"2009-06-25T01:34:05","guid":{"rendered":"https:\/\/obscom.intervozes.org.br\/wordpress\/?p=22966"},"modified":"2009-06-25T01:34:05","modified_gmt":"2009-06-25T01:34:05","slug":"comissao-organizadora-define-calendario-da-conferencia","status":"publish","type":"post","link":"https:\/\/obscom.intervozes.org.br\/?p=22966","title":{"rendered":"Comiss\u00e3o Organizadora define calend\u00e1rio da Confer\u00eancia"},"content":{"rendered":"\n<p class=\"padrao\">Em sua segunda reuni&atilde;o, realizada sexta-feira (19), a Comiss&atilde;o Organizadora da 1&ordf; Confer&ecirc;ncia Nacional de Comunica&ccedil;&atilde;o (Confecom) definiu sua agenda de reuni&otilde;es e o calend&aacute;rio de confer&ecirc;ncias preparat&oacute;rias municipais e estaduais. A elabora&ccedil;&atilde;o do Regimento Interno da Confer&ecirc;ncia est&aacute; prevista para o final de junho. O corte, pelo governo federal, da verba prevista para o processo da confer&ecirc;ncia ser&aacute; debatido em audi&ecirc;ncia p&uacute;blica na C&acirc;mara dos Deputados.<\/p>\n<p>Composta por representantes da sociedade civil, empres&aacute;rios e governo, a Comiss&atilde;o Organizadora Nacional (CON) realizou sua segunda reuni&atilde;o no audit&oacute;rio do Minist&eacute;rio das Comunica&ccedil;&otilde;es. O esperado debate sobre o Regimento Interno da Confecom, por&eacute;m, ainda n&atilde;o aconteceu. Dever&aacute; ocorrer em nova reuni&atilde;o no dia 25 de junho, com conclus&atilde;o prevista para o dia 30.<\/p>\n<p>J&aacute; quanto ao calend&aacute;rio de eventos preparat&oacute;rios, ficou definido que as confer&ecirc;ncias municipais dever&atilde;o ocorrer at&eacute; o dia 31 de agosto. Posteriormente a este prazo, as confer&ecirc;ncias estaduais ser&atilde;o realizadas at&eacute; o dia 31 de outubro. Ficou reservado o m&ecirc;s de novembro para entrega dos relat&oacute;rios estaduais e elabora&ccedil;&atilde;o do caderno de debates da 1&ordf; Confecom e a previs&atilde;o &eacute; de que seus resultados sejam publicados em fevereiro de 2010.<\/p>\n<p>Al&eacute;m das reuni&otilde;es agendadas para os dias 25 e 30 de junho para discuss&atilde;o do regimento Interno da Confecom, a COM se reunir&aacute; tamb&eacute;m nos dias 1&ordm; e 9 de julho para discuss&atilde;o do Documento Base da Confer&ecirc;ncia Nacional, a realizar-se de 1&ordm; a 3 de dezembro, em Bras&iacute;lia.<\/p>\n<p><strong>Financiamento da Confer&ecirc;ncia<br \/><\/strong><br \/>A presidente da Subcomiss&atilde;o Especial de Acompanhamento da Confer&ecirc;ncia, deputada Cida Diogo (PT-RJ), apresentou &agrave; Comiss&atilde;o de Ci&ecirc;ncia e Tecnologia, Comunica&ccedil;&atilde;o e Inform&aacute;tica (CCTI) da C&acirc;mara dos Deputados requerimento de audi&ecirc;ncia p&uacute;blica para debater as verbas destinadas para a realiza&ccedil;&atilde;o da Confecom. O corte or&ccedil;ament&aacute;rio do governo reduziu a verba de R$ 8,2 milh&otilde;es, inicialmente previstos, para R$ 1,6 milh&atilde;o. A proposta da parlamentar &eacute; de que a audi&ecirc;ncia seja realizada na primeira quinzena de julho. <\/p>\n","protected":false},"excerpt":{"rendered":"<p>Em sua segunda reuni&atilde;o, realizada sexta-feira (19), a Comiss&atilde;o Organizadora da 1&ordf; Confer&ecirc;ncia Nacional de Comunica&ccedil;&atilde;o (Confecom) definiu sua agenda de reuni&otilde;es e o calend&aacute;rio de confer&ecirc;ncias preparat&oacute;rias municipais e estaduais. A elabora&ccedil;&atilde;o do Regimento Interno da Confer&ecirc;ncia est&aacute; prevista para o final de junho. O corte, pelo governo federal, da verba prevista para o &hellip; <a href=\"https:\/\/obscom.intervozes.org.br\/?p=22966\" class=\"more-link\">Continue lendo <span class=\"screen-reader-text\">Comiss\u00e3o Organizadora define calend\u00e1rio da Confer\u00eancia<\/span> <span class=\"meta-nav\">&rarr;<\/span><\/a><\/p>\n","protected":false},"author":1,"featured_media":0,"comment_status":"open","ping_status":"open","sticky":false,"template":"","format":"standard","meta":{"footnotes":""},"categories":[40],"tags":[1012],"_links":{"self":[{"href":"https:\/\/obscom.intervozes.org.br\/index.php?rest_route=\/wp\/v2\/posts\/22966"}],"collection":[{"href":"https:\/\/obscom.intervozes.org.br\/index.php?rest_route=\/wp\/v2\/posts"}],"about":[{"href":"https:\/\/obscom.intervozes.org.br\/index.php?rest_route=\/wp\/v2\/types\/post"}],"author":[{"embeddable":true,"href":"https:\/\/obscom.intervozes.org.br\/index.php?rest_route=\/wp\/v2\/users\/1"}],"replies":[{"embeddable":true,"href":"https:\/\/obscom.intervozes.org.br\/index.php?rest_route=%2Fwp%2Fv2%2Fcomments&post=22966"}],"version-history":[{"count":0,"href":"https:\/\/obscom.intervozes.org.br\/index.php?rest_route=\/wp\/v2\/posts\/22966\/revisions"}],"wp:attachment":[{"href":"https:\/\/obscom.intervozes.org.br\/index.php?rest_route=%2Fwp%2Fv2%2Fmedia&parent=22966"}],"wp:term":[{"taxonomy":"category","embeddable":true,"href":"https:\/\/obscom.intervozes.org.br\/index.php?rest_route=%2Fwp%2Fv2%2Fcategories&post=22966"},{"taxonomy":"post_tag","embeddable":true,"href":"https:\/\/obscom.intervozes.org.br\/index.php?rest_route=%2Fwp%2Fv2%2Ftags&post=22966"}],"curies":[{"name":"wp","href":"https:\/\/api.w.org\/{rel}","templated":true}]}}