{"id":22965,"date":"2009-06-25T01:25:17","date_gmt":"2009-06-25T01:25:17","guid":{"rendered":"https:\/\/obscom.intervozes.org.br\/wordpress\/?p=22965"},"modified":"2009-06-25T01:25:17","modified_gmt":"2009-06-25T01:25:17","slug":"plenario-aprova-entrada-da-camara-em-associacao","status":"publish","type":"post","link":"https:\/\/obscom.intervozes.org.br\/?p=22965","title":{"rendered":"Plen\u00e1rio aprova entrada da C\u00e2mara em associa\u00e7\u00e3o"},"content":{"rendered":"\n<p class=\"padrao\">O Plen&aacute;rio aprovou, nessa ter&ccedil;a-feira (23), o Projeto de Resolu&ccedil;&atilde;o 146\/09, da Mesa Diretora, que autoriza a C&acirc;mara dos Deputados a se filiar &agrave; Associa&ccedil;&atilde;o Brasileira de Televis&otilde;es e R&aacute;dios Legislativas (Astral). O projeto foi promulgado logo em seguida pelo presidente Michel Temer.<\/p>\n<p>De acordo com a resolu&ccedil;&atilde;o j&aacute; promulgada, o presidente da Casa designar&aacute;, para cada legislatura, um deputado para integrar o conselho superior da Astral e um servidor ocupante de cargo efetivo para representar a C&acirc;mara nas assembleias gerais da entidade. Esse servidor dever&aacute; ser da Secretaria de Comunica&ccedil;&atilde;o Social da C&acirc;mara.<\/p>\n<p>O projeto autoriza tamb&eacute;m o pagamento de anuidades &agrave; associa&ccedil;&atilde;o, cuja libera&ccedil;&atilde;o depender&aacute; da apresenta&ccedil;&atilde;o, pela Astral, de documentos como comprovantes de regularidade junto &agrave; Fazenda Nacional, &agrave; Previd&ecirc;ncia Social e ao Fundo de Garantia por Tempo de Servi&ccedil;o (FGTS). O plano das atividades da Astral para cada ano, o estatuto vigente e as atas da elei&ccedil;&atilde;o da diretoria executiva e da fixa&ccedil;&atilde;o da anuidade tamb&eacute;m ser&atilde;o exigidos para o pagamento da contribui&ccedil;&atilde;o de associado.<\/p>\n<p><strong>Suporte t&eacute;cnico<br \/><\/strong><br \/>Segundo o deputado Arlindo Chinaglia (PT-SP), presidente da Mesa anterior que assinou o projeto, a Astral promove o interc&acirc;mbio t&eacute;cnico entre as entidades participantes e &eacute; o n&uacute;cleo t&eacute;cnico de suporte para a implanta&ccedil;&atilde;o de canais legislativos. &quot;A participa&ccedil;&atilde;o da C&acirc;mara dos Deputados nessa associa&ccedil;&atilde;o &eacute; fundamental n&atilde;o s&oacute; para os meios comunica&ccedil;&atilde;o desta Casa, mas tamb&eacute;m para o fortalecimento da iniciativa brasileira de TV e r&aacute;dio legislativa&quot;, afirmou.<\/p>\n","protected":false},"excerpt":{"rendered":"<p>O Plen&aacute;rio aprovou, nessa ter&ccedil;a-feira (23), o Projeto de Resolu&ccedil;&atilde;o 146\/09, da Mesa Diretora, que autoriza a C&acirc;mara dos Deputados a se filiar &agrave; Associa&ccedil;&atilde;o Brasileira de Televis&otilde;es e R&aacute;dios Legislativas (Astral). O projeto foi promulgado logo em seguida pelo presidente Michel Temer. De acordo com a resolu&ccedil;&atilde;o j&aacute; promulgada, o presidente da Casa designar&aacute;, &hellip; <a href=\"https:\/\/obscom.intervozes.org.br\/?p=22965\" class=\"more-link\">Continue lendo <span class=\"screen-reader-text\">Plen\u00e1rio aprova entrada da C\u00e2mara em associa\u00e7\u00e3o<\/span> <span class=\"meta-nav\">&rarr;<\/span><\/a><\/p>\n","protected":false},"author":1,"featured_media":0,"comment_status":"open","ping_status":"open","sticky":false,"template":"","format":"standard","meta":{"footnotes":""},"categories":[40],"tags":[259],"_links":{"self":[{"href":"https:\/\/obscom.intervozes.org.br\/index.php?rest_route=\/wp\/v2\/posts\/22965"}],"collection":[{"href":"https:\/\/obscom.intervozes.org.br\/index.php?rest_route=\/wp\/v2\/posts"}],"about":[{"href":"https:\/\/obscom.intervozes.org.br\/index.php?rest_route=\/wp\/v2\/types\/post"}],"author":[{"embeddable":true,"href":"https:\/\/obscom.intervozes.org.br\/index.php?rest_route=\/wp\/v2\/users\/1"}],"replies":[{"embeddable":true,"href":"https:\/\/obscom.intervozes.org.br\/index.php?rest_route=%2Fwp%2Fv2%2Fcomments&post=22965"}],"version-history":[{"count":0,"href":"https:\/\/obscom.intervozes.org.br\/index.php?rest_route=\/wp\/v2\/posts\/22965\/revisions"}],"wp:attachment":[{"href":"https:\/\/obscom.intervozes.org.br\/index.php?rest_route=%2Fwp%2Fv2%2Fmedia&parent=22965"}],"wp:term":[{"taxonomy":"category","embeddable":true,"href":"https:\/\/obscom.intervozes.org.br\/index.php?rest_route=%2Fwp%2Fv2%2Fcategories&post=22965"},{"taxonomy":"post_tag","embeddable":true,"href":"https:\/\/obscom.intervozes.org.br\/index.php?rest_route=%2Fwp%2Fv2%2Ftags&post=22965"}],"curies":[{"name":"wp","href":"https:\/\/api.w.org\/{rel}","templated":true}]}}