{"id":22961,"date":"2009-06-25T01:01:12","date_gmt":"2009-06-25T01:01:12","guid":{"rendered":"https:\/\/obscom.intervozes.org.br\/wordpress\/?p=22961"},"modified":"2009-06-25T01:01:12","modified_gmt":"2009-06-25T01:01:12","slug":"telefonica-promete-plano-de-acao-para-esta-semana","status":"publish","type":"post","link":"https:\/\/obscom.intervozes.org.br\/?p=22961","title":{"rendered":"Telef\u00f4nica promete plano de a\u00e7\u00e3o para esta semana"},"content":{"rendered":"<p><span class=\"padrao\"><u><strong>Reproduzido do TeleTime<\/strong><\/u><\/p>\n<p>Em nota divulgada nesta quarta-feira, 24, a Telef&ocirc;nica informa que apresentar&aacute; ainda nesta semana o plano de a&ccedil;&otilde;es exigido pela Anatel para melhorar a qualidade do Speedy. A decis&atilde;o da Anatel prev&ecirc; uma multa de R$ 15 milh&otilde;es caso o plano n&atilde;o seja apresentado dentro de 30 dias e impede a comercializa&ccedil;&atilde;o do servi&ccedil;o at&eacute; a apresenta&ccedil;&atilde;o do plano. <\/p>\n<p>A companhia informa que descarta acionar a Justi&ccedil;a contra a decis&atilde;o da Anatel. Na nota distribu&iacute;da &agrave; imprensa, o presidente da companhia, Antonio Carlos Valente, admite que os usu&aacute;rios n&atilde;o est&atilde;o satisfeitos com os servi&ccedil;os prestados pela Telef&ocirc;nica. &quot;A Telef&ocirc;nica entende que os usu&aacute;rios esperam mais da companhia, que foi a pioneira no lan&ccedil;amento da Internet em banda larga no Brasil, em 1999, e mant&eacute;m a rede de dados com maior volume de tr&aacute;fego no Pa&iacute;s&quot;, diz ele na nota. <\/p>\n<p>A Telef&ocirc;nica informa que a elabora&ccedil;&atilde;o do plano de a&ccedil;&atilde;o &eacute; prioridade numero um n&atilde;o s&oacute; da subsidi&aacute;ria brasileira, mas tamb&eacute;m de todo o Grupo Telef&ocirc;nica.<\/span><\/p>\n","protected":false},"excerpt":{"rendered":"<p>Reproduzido do TeleTime Em nota divulgada nesta quarta-feira, 24, a Telef&ocirc;nica informa que apresentar&aacute; ainda nesta semana o plano de a&ccedil;&otilde;es exigido pela Anatel para melhorar a qualidade do Speedy. A decis&atilde;o da Anatel prev&ecirc; uma multa de R$ 15 milh&otilde;es caso o plano n&atilde;o seja apresentado dentro de 30 dias e impede a comercializa&ccedil;&atilde;o &hellip; <a href=\"https:\/\/obscom.intervozes.org.br\/?p=22961\" class=\"more-link\">Continue lendo <span class=\"screen-reader-text\">Telef\u00f4nica promete plano de a\u00e7\u00e3o para esta semana<\/span> <span class=\"meta-nav\">&rarr;<\/span><\/a><\/p>\n","protected":false},"author":1,"featured_media":0,"comment_status":"open","ping_status":"open","sticky":false,"template":"","format":"standard","meta":{"footnotes":""},"categories":[39],"tags":[],"_links":{"self":[{"href":"https:\/\/obscom.intervozes.org.br\/index.php?rest_route=\/wp\/v2\/posts\/22961"}],"collection":[{"href":"https:\/\/obscom.intervozes.org.br\/index.php?rest_route=\/wp\/v2\/posts"}],"about":[{"href":"https:\/\/obscom.intervozes.org.br\/index.php?rest_route=\/wp\/v2\/types\/post"}],"author":[{"embeddable":true,"href":"https:\/\/obscom.intervozes.org.br\/index.php?rest_route=\/wp\/v2\/users\/1"}],"replies":[{"embeddable":true,"href":"https:\/\/obscom.intervozes.org.br\/index.php?rest_route=%2Fwp%2Fv2%2Fcomments&post=22961"}],"version-history":[{"count":0,"href":"https:\/\/obscom.intervozes.org.br\/index.php?rest_route=\/wp\/v2\/posts\/22961\/revisions"}],"wp:attachment":[{"href":"https:\/\/obscom.intervozes.org.br\/index.php?rest_route=%2Fwp%2Fv2%2Fmedia&parent=22961"}],"wp:term":[{"taxonomy":"category","embeddable":true,"href":"https:\/\/obscom.intervozes.org.br\/index.php?rest_route=%2Fwp%2Fv2%2Fcategories&post=22961"},{"taxonomy":"post_tag","embeddable":true,"href":"https:\/\/obscom.intervozes.org.br\/index.php?rest_route=%2Fwp%2Fv2%2Ftags&post=22961"}],"curies":[{"name":"wp","href":"https:\/\/api.w.org\/{rel}","templated":true}]}}