{"id":22958,"date":"2009-06-23T18:35:37","date_gmt":"2009-06-23T18:35:37","guid":{"rendered":"https:\/\/obscom.intervozes.org.br\/wordpress\/?p=22958"},"modified":"2009-06-23T18:35:37","modified_gmt":"2009-06-23T18:35:37","slug":"polemica-marca-discussao-sobre-a-proibicao-de-propaganda-infantil","status":"publish","type":"post","link":"https:\/\/obscom.intervozes.org.br\/?p=22958","title":{"rendered":"Pol\u00eamica marca discuss\u00e3o sobre a proibi\u00e7\u00e3o de propaganda infantil"},"content":{"rendered":"<p><span class=\"padrao\">Grandes diverg&ecirc;ncias marcaram a reuni&atilde;o da &uacute;ltima quinta-feira (18) da Comiss&atilde;o de Desenvolvimento Econ&ocirc;mico, que discutiu a proibi&ccedil;&atilde;o da propaganda de produtos infantis &#8211; medida prevista no Projeto de Lei <a href=\"http:\/\/www2.camara.gov.br\/homeagencia\/materias.html?pk=24956\">5921\/01<\/a>. Foram 13 palestrantes e uma variedade de opini&otilde;es: aqueles que s&atilde;o contra qualquer tipo de controle da publicidade dirigida &agrave;s crian&ccedil;as, os que acreditam em mais regulamenta&ccedil;&atilde;o e os que querem a proibi&ccedil;&atilde;o total dessas propagandas.<\/p>\n<p>Um exemplo &eacute; a representante do Instituto Alana, Isabella Henriques. Ela afirma que proibir essas propagandas n&atilde;o &eacute; censura. &quot;Essa discuss&atilde;o sobre censura, sobre liberdade de express&atilde;o, n&atilde;o cabe nessa discuss&atilde;o da publicidade&quot;, sustenta. &quot;A publicidade &eacute; venal, existe &uacute;nica e exclusivamente para vender produtos e servi&ccedil;os, ela n&atilde;o se confunde com a express&atilde;o art&iacute;stica, com a liberdade do pensamento, com a atividade jornal&iacute;stica&quot;, argumenta Isabella<\/p>\n<p><strong>Prote&ccedil;&atilde;o &agrave; fam&iacute;lia<br \/><\/strong><br \/>Autor do projeto, o deputado Luiz Carlos Hauly (PSDB-PR), argumenta que os valores da sociedade hoje est&atilde;o &quot;invertidos&quot; e o projeto &eacute; uma tentativa de &quot;proteger a fam&iacute;lia&quot;.<\/p>\n<p>J&aacute; o deputado Guilherme Campos (DEM-SP), no entanto, &eacute; contra o projeto. Ele disse que o texto mais recente sobre o assunto &#8211; o <a href=\"http:\/\/www2.camara.gov.br\/homeagencia\/materias.html?pk=124768\">substitutivo<\/a>  aprovado pela Comiss&atilde;o de Defesa do Consumidor &#8211; &quot;conseguiu piorar o que j&aacute; era ruim&quot;, ao aumentar as restri&ccedil;&otilde;es previstas. Segundo Campos, o cidad&atilde;o tem o &quot;livre arb&iacute;trio&quot; para mudar de canal e evitar que seu filho assista a propaganda.<\/p>\n<p>O relator do projeto na Comiss&atilde;o de Desenvolvimento Econ&ocirc;mico, deputado Os&oacute;rio Adriano (DEM-DF), que analisa a mat&eacute;ria no momento, elogiou o substitutivo aprovado pela Comiss&atilde;o de Defesa do Consumidor, mas disse que poder&aacute; propor ajustes ao texto.<\/p>\n<p><strong>Frustra&ccedil;&atilde;o<br \/><\/strong><br \/>A psic&oacute;loga Roseli Goffman, representante do Conselho Federal de Psicologia na audi&ecirc;ncia, disse que a publicidade gera frustra&ccedil;&atilde;o nessas 21 milh&otilde;es de crian&ccedil;as que n&atilde;o t&ecirc;m brinquedo. Para ela, essa frustra&ccedil;&atilde;o e os conflitos familiares dela resultantes s&atilde;o formas de viol&ecirc;ncia contra a crian&ccedil;a.<\/p>\n<p>O presidente da Associa&ccedil;&atilde;o Brasileira dos Fabricantes de Brinquedos (Abrinq), Syn&eacute;sio Batista da Costa, &eacute; contra a proposta. Segundo ele, a ind&uacute;stria de brinquedos n&atilde;o abusa da inoc&ecirc;ncia das crian&ccedil;as e obedece &agrave;s leis brasileiras.<\/p>\n<p>Costa disse que cabe &agrave; ind&uacute;stria de brinquedos &quot;miniaturizar&quot; o mundo adulto para a crian&ccedil;a, o que vai ajudar a preparar o seu futuro. Ele ressaltou, no entanto, que h&aacute; 50,4 milh&otilde;es de crian&ccedil;as no Brasil e, desse total, 21 milh&otilde;es n&atilde;o t&ecirc;m brinquedo.<\/p>\n<p>O projeto que pro&iacute;be a propaganda de produtos infantis est&aacute; na Comiss&atilde;o de Desenvolvimento Econ&ocirc;mico. Se for aprovado l&aacute;, ainda ser&aacute; analisado de forma conclusiva pelas comiss&otilde;es de Ci&ecirc;ncia e Tecnologia, Comunica&ccedil;&atilde;o e Inform&aacute;tica; e de Constitui&ccedil;&atilde;o e Justi&ccedil;a e de Cidadania.<\/span><\/p>\n","protected":false},"excerpt":{"rendered":"<p>Grandes diverg&ecirc;ncias marcaram a reuni&atilde;o da &uacute;ltima quinta-feira (18) da Comiss&atilde;o de Desenvolvimento Econ&ocirc;mico, que discutiu a proibi&ccedil;&atilde;o da propaganda de produtos infantis &#8211; medida prevista no Projeto de Lei 5921\/01. Foram 13 palestrantes e uma variedade de opini&otilde;es: aqueles que s&atilde;o contra qualquer tipo de controle da publicidade dirigida &agrave;s crian&ccedil;as, os que acreditam &hellip; <a href=\"https:\/\/obscom.intervozes.org.br\/?p=22958\" class=\"more-link\">Continue lendo <span class=\"screen-reader-text\">Pol\u00eamica marca discuss\u00e3o sobre a proibi\u00e7\u00e3o de propaganda infantil<\/span> <span class=\"meta-nav\">&rarr;<\/span><\/a><\/p>\n","protected":false},"author":1,"featured_media":0,"comment_status":"open","ping_status":"open","sticky":false,"template":"","format":"standard","meta":{"footnotes":""},"categories":[40],"tags":[366],"_links":{"self":[{"href":"https:\/\/obscom.intervozes.org.br\/index.php?rest_route=\/wp\/v2\/posts\/22958"}],"collection":[{"href":"https:\/\/obscom.intervozes.org.br\/index.php?rest_route=\/wp\/v2\/posts"}],"about":[{"href":"https:\/\/obscom.intervozes.org.br\/index.php?rest_route=\/wp\/v2\/types\/post"}],"author":[{"embeddable":true,"href":"https:\/\/obscom.intervozes.org.br\/index.php?rest_route=\/wp\/v2\/users\/1"}],"replies":[{"embeddable":true,"href":"https:\/\/obscom.intervozes.org.br\/index.php?rest_route=%2Fwp%2Fv2%2Fcomments&post=22958"}],"version-history":[{"count":0,"href":"https:\/\/obscom.intervozes.org.br\/index.php?rest_route=\/wp\/v2\/posts\/22958\/revisions"}],"wp:attachment":[{"href":"https:\/\/obscom.intervozes.org.br\/index.php?rest_route=%2Fwp%2Fv2%2Fmedia&parent=22958"}],"wp:term":[{"taxonomy":"category","embeddable":true,"href":"https:\/\/obscom.intervozes.org.br\/index.php?rest_route=%2Fwp%2Fv2%2Fcategories&post=22958"},{"taxonomy":"post_tag","embeddable":true,"href":"https:\/\/obscom.intervozes.org.br\/index.php?rest_route=%2Fwp%2Fv2%2Ftags&post=22958"}],"curies":[{"name":"wp","href":"https:\/\/api.w.org\/{rel}","templated":true}]}}