{"id":22952,"date":"2009-06-23T18:05:21","date_gmt":"2009-06-23T18:05:21","guid":{"rendered":"https:\/\/obscom.intervozes.org.br\/wordpress\/?p=22952"},"modified":"2009-06-23T18:05:21","modified_gmt":"2009-06-23T18:05:21","slug":"pro-teste-pede-na-justica-suspensao-da-assinatura-basica-da-telefonica","status":"publish","type":"post","link":"https:\/\/obscom.intervozes.org.br\/?p=22952","title":{"rendered":"Pro Teste pede, na Justi\u00e7a, suspens\u00e3o da assinatura b\u00e1sica da Telef\u00f4nica"},"content":{"rendered":"\n<p><strong>Reproduzido do Tele.S&iacute;ntese<br \/><\/strong><br \/>A&nbsp;Pro Teste Associa&ccedil;&atilde;o de Consumidores ajuizou a&ccedil;&atilde;o civil p&uacute;blica, na 6&ordf; Vara C&iacute;vel da Justi&ccedil;a de S&atilde;o Paulo, na &uacute;ltima sexta- feria (19), para que a Telef&ocirc;nica seja obrigada a deixar de cobrar por um m&ecirc;s a assinatura b&aacute;sica de toda a sua base de assinantes, devido as falhas na presta&ccedil;&atilde;o do servi&ccedil;o da telefonia fixa e da banda larga Speedy.&nbsp; A entidade tamb&eacute;m pediu a antecipa&ccedil;&atilde;o de tutela (decis&atilde;o liminar), para que o desconto possa ser feito j&aacute; na pr&oacute;xima conta.<br \/>&nbsp;<br \/>No entender da entidade, a a&ccedil;&atilde;o complementa a decis&atilde;o da Anatel que ap&oacute;s um ano de apura&ccedil;&atilde;o de falhas ocorridas em 2008, publicou decis&atilde;o nessa segunda-feira (22) no Di&aacute;rio Oficial da Uni&atilde;o proibindo a Telef&ocirc;nica de comercializar temporariamente o servi&ccedil;o de banda larga Speedy, at&eacute; que a empresa adote procedimentos para melhorar a qualidade do servi&ccedil;o. Caso a decis&atilde;o da Anatel n&atilde;o seja cumprida, a Telef&ocirc;nica estar&aacute; sujeita a multa de R$ 15 milh&otilde;es e de R$ 1.000 para cada unidade comercializada.<\/p>\n<p>Segundo a Pro Teste, a Telefonica comete v&aacute;rias pr&aacute;ticas abusivas, levando-se em conta a Lei Geral das Telecomunica&ccedil;&otilde;es e o C&oacute;digo de Defesa do Consumidor. A Associa&ccedil;&atilde;o alerta na a&ccedil;&atilde;o que &ldquo; n&atilde;o h&aacute; como os consumidores ficarem ref&eacute;ns da impunidade da qual tem sido beneficiada a Telef&ocirc;nica, e precisam ter desconto de forma coletiva, com o objetivo de recomposi&ccedil;&atilde;o pela m&aacute; presta&ccedil;&atilde;o do servi&ccedil;o, sem preju&iacute;zo do pedido de indeniza&ccedil;&otilde;es por perdas e danos apurados individualmente, nos termos do artigo 20 do C&oacute;digo de Defesa do Consumidor.&rdquo; <\/p>\n","protected":false},"excerpt":{"rendered":"<p>Reproduzido do Tele.S&iacute;nteseA&nbsp;Pro Teste Associa&ccedil;&atilde;o de Consumidores ajuizou a&ccedil;&atilde;o civil p&uacute;blica, na 6&ordf; Vara C&iacute;vel da Justi&ccedil;a de S&atilde;o Paulo, na &uacute;ltima sexta- feria (19), para que a Telef&ocirc;nica seja obrigada a deixar de cobrar por um m&ecirc;s a assinatura b&aacute;sica de toda a sua base de assinantes, devido as falhas na presta&ccedil;&atilde;o do servi&ccedil;o &hellip; <a href=\"https:\/\/obscom.intervozes.org.br\/?p=22952\" class=\"more-link\">Continue lendo <span class=\"screen-reader-text\">Pro Teste pede, na Justi\u00e7a, suspens\u00e3o da assinatura b\u00e1sica da Telef\u00f4nica<\/span> <span class=\"meta-nav\">&rarr;<\/span><\/a><\/p>\n","protected":false},"author":1,"featured_media":0,"comment_status":"open","ping_status":"open","sticky":false,"template":"","format":"standard","meta":{"footnotes":""},"categories":[39],"tags":[],"_links":{"self":[{"href":"https:\/\/obscom.intervozes.org.br\/index.php?rest_route=\/wp\/v2\/posts\/22952"}],"collection":[{"href":"https:\/\/obscom.intervozes.org.br\/index.php?rest_route=\/wp\/v2\/posts"}],"about":[{"href":"https:\/\/obscom.intervozes.org.br\/index.php?rest_route=\/wp\/v2\/types\/post"}],"author":[{"embeddable":true,"href":"https:\/\/obscom.intervozes.org.br\/index.php?rest_route=\/wp\/v2\/users\/1"}],"replies":[{"embeddable":true,"href":"https:\/\/obscom.intervozes.org.br\/index.php?rest_route=%2Fwp%2Fv2%2Fcomments&post=22952"}],"version-history":[{"count":0,"href":"https:\/\/obscom.intervozes.org.br\/index.php?rest_route=\/wp\/v2\/posts\/22952\/revisions"}],"wp:attachment":[{"href":"https:\/\/obscom.intervozes.org.br\/index.php?rest_route=%2Fwp%2Fv2%2Fmedia&parent=22952"}],"wp:term":[{"taxonomy":"category","embeddable":true,"href":"https:\/\/obscom.intervozes.org.br\/index.php?rest_route=%2Fwp%2Fv2%2Fcategories&post=22952"},{"taxonomy":"post_tag","embeddable":true,"href":"https:\/\/obscom.intervozes.org.br\/index.php?rest_route=%2Fwp%2Fv2%2Ftags&post=22952"}],"curies":[{"name":"wp","href":"https:\/\/api.w.org\/{rel}","templated":true}]}}