{"id":22943,"date":"2009-06-18T18:12:39","date_gmt":"2009-06-18T18:12:39","guid":{"rendered":"https:\/\/obscom.intervozes.org.br\/wordpress\/?p=22943"},"modified":"2009-06-18T18:12:39","modified_gmt":"2009-06-18T18:12:39","slug":"entidades-defendem-reativacao-do-conselho-de-comunicacao","status":"publish","type":"post","link":"https:\/\/obscom.intervozes.org.br\/?p=22943","title":{"rendered":"Entidades defendem reativa\u00e7\u00e3o do Conselho de Comunica\u00e7\u00e3o"},"content":{"rendered":"<p><span class=\"padrao\">O Conselho de Comunica&ccedil;&atilde;o Social (CCS) &eacute; um caso exemplar da dificuldade de instituir mecanismos de controle social na &aacute;rea das comunica&ccedil;&otilde;es no Brasil. Inicialmente proposto no processo Constituinte como &oacute;rg&atilde;o deliberativo com a participa&ccedil;&atilde;o de segmentos da sociedade e poder de analisar as outorgas do setor, foi inclu&iacute;do na Carta Magna como inst&acirc;ncia consultiva auxiliar do Congresso Nacional. Regulamentado em 1991, foi instalado em 2002 e encontra-se desativado desde 2006.<\/p>\n<p>Para discutir a paralisia do &oacute;rg&atilde;o, a Comiss&atilde;o de Ci&ecirc;ncia e Tecnologia, Comunica&ccedil;&atilde;o e Inform&aacute;tica (CCTCI) da C&acirc;mara dos Deputados promoveu audi&ecirc;ncia p&uacute;blica nesta quinta-feira (18), reunindo representantes de trabalhadores, empres&aacute;rios e organiza&ccedil;&otilde;es da sociedade civil. A posi&ccedil;&atilde;o dos presentes foi un&acirc;nime pela reinstala&ccedil;&atilde;o imediata do Conselho.<\/p>\n<p>&ldquo;&Eacute; inexplic&aacute;vel que o Conselho de Comunica&ccedil;&atilde;o Social n&atilde;o esteja em funcionamento. &Eacute; urgente o seu retorno o quanto antes&rdquo;, defendeu Roseli Goffmann, coordenadora de mobiliza&ccedil;&atilde;o do F&oacute;rum Nacional pela Democratiza&ccedil;&atilde;o da Comunica&ccedil;&atilde;o (FNDC). &ldquo;A Abert &eacute; favor&aacute;vel &agrave; r&aacute;pida reativa&ccedil;&atilde;o do Conselho&rdquo; refor&ccedil;ou Evandro Guimar&atilde;es, representante da Associa&ccedil;&atilde;o Brasileira de Emissoras de R&aacute;dio e TV (Abert).<\/p>\n<p>Na avalia&ccedil;&atilde;o da consultora t&eacute;cnica do Senado Federal, Ana Luisa Fleck Saibro, a inatividade do Conselho fere o Artigo 224 da Constitui&ccedil;&atilde;o Federal, que prev&ecirc; a sua exist&ecirc;ncia. Alexandre Annemberg, da Associa&ccedil;&atilde;o Brasileira de TV por Assinatura (ABTA), destacou que a dorm&ecirc;ncia do CCS tem consequ&ecirc;ncias graves para inst&acirc;ncias e processos que, pela Lei, dependem de pareceres do &oacute;rg&atilde;o.<\/p>\n<p><strong>Preju&iacute;zos<\/strong><\/p>\n<p>&ldquo;A Lei do Cabo prev&ecirc; que todo e qualquer regulamento seja analisado pelo Conselho de Comunica&ccedil;&atilde;o. Esta situa&ccedil;&atilde;o cria um buraco negro e uma tramita&ccedil;&atilde;o dif&iacute;cil para os projetos de altera&ccedil;&atilde;o nas regras deste setor&rdquo;, lamentou. Ana Luisa Saibro lembrou que, segundo a Lei 11.652, de 2008, o Conselho tamb&eacute;m deveria apreciar as delibra&ccedil;&otilde;es do Conselho Curador da Empresa Brasil de Comunica&ccedil;&atilde;o (EBC), bem como as altera&ccedil;&otilde;es acion&aacute;rias das empresas jornal&iacute;sticas conforme obriga&ccedil;&atilde;o constante na regulamenta&ccedil;&atilde;o do Artigo 222 da Constitui&ccedil;&atilde;o Federal.<\/p>\n<p>A deputada Luiza Erundina (PSB-SP), proponente da audi&ecirc;ncia, afirmou que a inatividade do Conselho de Comunica&ccedil;&atilde;o Social n&atilde;o traz preju&iacute;zos apenas no que tange &agrave;s obriga&ccedil;&otilde;es legais do &oacute;rg&atilde;o, mas tamb&eacute;m pelo fato deste quadro estar significando a aus&ecirc;ncia de um espa&ccedil;o com a presen&ccedil;a da sociedade neste momento de revis&atilde;o do marco regulat&oacute;rio. &ldquo;Este organismo n&atilde;o vem podendo influir nas discuss&otilde;es sobre o marco legal do setor em um momento em que a demanda por reflex&otilde;es e decis&otilde;es vem se avolumando.<\/p>\n<p>Alexandre Annemberg lembrou que, quando ativo, o Conselho de Comunica&ccedil;&atilde;o Social teve papel importante no subs&iacute;dio dos debates no Congresso ao discutir temas como a regionaliza&ccedil;&atilde;o da produ&ccedil;&atilde;o audiovisual, a concentra&ccedil;&atilde;o nos meios de comunica&ccedil;&atilde;o, a TV Digital, a implanta&ccedil;&atilde;o do servi&ccedil;o de comunica&ccedil;&atilde;o multim&iacute;dia (SCM) e o controle parental da programa&ccedil;&atilde;o de televis&atilde;o.<\/p>\n<p>Constatado o consenso em torno da import&acirc;ncia de retomada das atividades do CCS, tomou conta da mesa a indaga&ccedil;&atilde;o sobre o porqu&ecirc; da situa&ccedil;&atilde;o da paralisia se estender por mais de dois anos. &ldquo;A quem interessa que representantes da sociedade civil n&atilde;o estejam debatendo a comunica&ccedil;&atilde;o?&rdquo;, questionou Jonas Valente, do Intervozes &#8211; Coletivo Brasil de Comunica&ccedil;&atilde;o Social.<\/p>\n<p>Para Valente, embora seja dif&iacute;cil afirmar com certeza a raz&atilde;o para este imobilismo, &eacute; poss&iacute;vel relacionar o esvaziamento das parcas inst&acirc;ncias de controle social na &aacute;rea, entre as quais o Conselho, &agrave; resist&ecirc;ncia dos atores empresariais em implantar e legitimar espa&ccedil;os de debate p&uacute;blico e constru&ccedil;&atilde;o p&uacute;blica de pol&iacute;ticas de comunica&ccedil;&atilde;o.<\/p>\n<p>Luiza Eundina (PSB-SP) criticou o parlamento, atribuindo a deputados e senadores o medo de compartillhar o poder das decis&otilde;es concernentes a estes. &ldquo;Se o poder do Congresso vem do povo, n&atilde;o h&aacute; porque negar a este, que &aacute; fonte do poder, a possibilidade de influir nas decis&otilde;es do Estado e do legislativo&rdquo;, defendeu.<\/p>\n<p>A deputada destacou que a aus&ecirc;ncia de senadores na audi&ecirc;ncia &eacute; sintom&aacute;tica sobre a disposi&ccedil;&atilde;o da Casa, que possui a prerrogativa de indicar os membros e instalar as gest&otilde;es do Conselho de Comunica&ccedil;&atilde;o Social, em reativar o &oacute;rg&atilde;o. &ldquo;Mais uma vez o Senado n&atilde;o designou representante. Isso n&atilde;o &eacute; novidade. Na outra tentativa de realiza&ccedil;&atilde;o da audi&ecirc;ncia isso se repetiu&rdquo;, comentou.<\/p>\n<p><strong>Mudan&ccedil;as<\/strong><\/p>\n<p>Embora tenham reafirmado em coro un&iacute;ssono e urg&ecirc;ncia da retomada do Conselho, os participantes da audi&ecirc;ncia n&atilde;o deixaram de apontar a necessidade de mudan&ccedil;as. Alexandre Annemberg, da ABTA, reivindicou uma vaga para os empres&aacute;rios do setor de TV por assinatura, setor n&atilde;o contemplado uma vez que a composi&ccedil;&atilde;o atual foi definida por lei aprovada em 1991.<\/p>\n<p>Jonas Valente, do Intervozes, defendeu mudan&ccedil;as conjunturais e estruturais no CCS. Imediatamente, sugeriu, o Congresso deveria aprovar ajustes assegurando que as vagas reservadas &agrave; sociedade civil n&atilde;o pudessem ser ocupadas por pessoas ligadas nem aos trabalhadores, nem ao empresariado, uma vez que ambos setores possuem cadeiras fixas j&aacute; no &oacute;rg&atilde;o.<\/p>\n<p>Ana Luisa Saibro endossou a proposta lembrando que nas gest&otilde;es do Conselho as vagas da sociedade civil foram &ldquo;usadas para acomodar corpora&ccedil;&otilde;es que n&atilde;o tinham sido contempladas entre trabalhadores e empres&aacute;rios&rdquo;. Outra revis&atilde;o indicada por Valente foi a constru&ccedil;&atilde;o de mecanismos transparentes e democr&aacute;ticos de escolhas dos membros da sociedade civil, impedindo que a indica&ccedil;&atilde;o dependa exclusivamente do presidente do Congresso Nacional.<\/p>\n<p>O representante do Intervozes tamb&eacute;m defendeu a recupera&ccedil;&atilde;o da proposta inicial do Conselho, que previa um &oacute;rg&atilde;o deliberativo forte e participativo, com a fun&ccedil;&atilde;o de elaborar, acompanhar e avaliar as pol&iacute;ticas de comunica&ccedil;&atilde;o, al&eacute;m de analisar e definir as outorgas para a presta&ccedil;&atilde;o dos servi&ccedil;os da &aacute;rea.<\/p>\n<p>Evandro Guimar&atilde;es ponderou que qualquer mudan&ccedil;a de papel do CCS s&oacute; pode ser feita por meio de uma Proposta de Emenda Constitucional (PEC), j&aacute; que seu car&aacute;ter consultivo est&aacute; previsto no Artigo 224 da Carta Magna. &ldquo;Ser&aacute; que 513 deputados e 91 senadores querem que o Conselho tenha fun&ccedil;&otilde;es al&eacute;m das Consultivas?&rdquo;, questionou, sugerindo a inadequa&ccedil;&atilde;o da amplia&ccedil;&atilde;o das prerrogativas da inst&acirc;ncia.<\/p>\n<p>Jonas Valente rebateu afirmando que a cria&ccedil;&atilde;o de um novo &oacute;rg&atilde;o n&atilde;o necessariamente precisa se dar por meio da transforma&ccedil;&atilde;o do Conselho de Comunica&ccedil;&atilde;o Social. &ldquo;Podemos manter o CCS da forma como est&aacute; e criar, no bojo da revis&atilde;o do marco institucional em debate na Confer&ecirc;ncia de Comunica&ccedil;&atilde;o, um novo &oacute;rg&atilde;o com o perfil da proposta original do Conselho&rdquo;, sugeriu.<\/p>\n<p>Ao final, a deputada Luizar Erundina disse que, apesar da aus&ecirc;ncia dos atores principais, os senadores, a audi&ecirc;ncia foi importante para &ldquo;acumular for&ccedil;a&rdquo;. &ldquo;Vamos seguir agora pressionando para a reinstala&ccedil;&atilde;o do Conselho de Comunica&ccedil;&atilde;o&rdquo;, informou.<br \/><\/span><\/p>\n","protected":false},"excerpt":{"rendered":"<p>Indisposi\u00e7\u00e3o inexplic\u00e1vel para convoca\u00e7\u00e3o pelo Senado \u00e9 a principal barreira; para participantes da audi\u00eancia na C\u00e2mara, al\u00e9m da retomada dos trabalhos \u00e9 preciso pensar mudan\u00e7as no modelo atual <\/p>\n","protected":false},"author":1,"featured_media":0,"comment_status":"open","ping_status":"open","sticky":false,"template":"","format":"standard","meta":{"footnotes":""},"categories":[40],"tags":[900],"_links":{"self":[{"href":"https:\/\/obscom.intervozes.org.br\/index.php?rest_route=\/wp\/v2\/posts\/22943"}],"collection":[{"href":"https:\/\/obscom.intervozes.org.br\/index.php?rest_route=\/wp\/v2\/posts"}],"about":[{"href":"https:\/\/obscom.intervozes.org.br\/index.php?rest_route=\/wp\/v2\/types\/post"}],"author":[{"embeddable":true,"href":"https:\/\/obscom.intervozes.org.br\/index.php?rest_route=\/wp\/v2\/users\/1"}],"replies":[{"embeddable":true,"href":"https:\/\/obscom.intervozes.org.br\/index.php?rest_route=%2Fwp%2Fv2%2Fcomments&post=22943"}],"version-history":[{"count":0,"href":"https:\/\/obscom.intervozes.org.br\/index.php?rest_route=\/wp\/v2\/posts\/22943\/revisions"}],"wp:attachment":[{"href":"https:\/\/obscom.intervozes.org.br\/index.php?rest_route=%2Fwp%2Fv2%2Fmedia&parent=22943"}],"wp:term":[{"taxonomy":"category","embeddable":true,"href":"https:\/\/obscom.intervozes.org.br\/index.php?rest_route=%2Fwp%2Fv2%2Fcategories&post=22943"},{"taxonomy":"post_tag","embeddable":true,"href":"https:\/\/obscom.intervozes.org.br\/index.php?rest_route=%2Fwp%2Fv2%2Ftags&post=22943"}],"curies":[{"name":"wp","href":"https:\/\/api.w.org\/{rel}","templated":true}]}}