{"id":22940,"date":"2009-06-18T15:03:38","date_gmt":"2009-06-18T15:03:38","guid":{"rendered":"https:\/\/obscom.intervozes.org.br\/wordpress\/?p=22940"},"modified":"2009-06-18T15:03:38","modified_gmt":"2009-06-18T15:03:38","slug":"comissao-de-ciencia-e-tecnologia-quer-discutir-reducao-de-verba-para-conferencia-de-comunicacao","status":"publish","type":"post","link":"https:\/\/obscom.intervozes.org.br\/?p=22940","title":{"rendered":"Comiss\u00e3o de Ci\u00eancia e Tecnologia quer discutir redu\u00e7\u00e3o de verba para Confer\u00eancia de Comunica\u00e7\u00e3o"},"content":{"rendered":"<p><u><strong>Reproduzido do Telecom Online<\/strong><\/u><\/p>\n<p>A Comiss&atilde;o de Ci&ecirc;ncia e Tecnologia, Comunica&ccedil;&atilde;o e Inform&aacute;tica quer discutir com o governo o corte de verba feito pelo Executivo para a realiza&ccedil;&atilde;o da Confer&ecirc;ncia Nacional de Comunica&ccedil;&atilde;o. O volume de recursos destinado ao evento passou de R$ 8,2 milh&otilde;es para R$ 1,6 milh&atilde;o. A id&eacute;ia &eacute; realizar at&eacute; a primeira quinzena de julho uma audi&ecirc;ncia p&uacute;blica para debater essa medida, para a qual ser&atilde;o convidados o ministro H&eacute;lio Costa, representantes do setor empresarial e da sociedade civil organizada.<\/p>\n<p> O requerimento da audi&ecirc;ncia foi feito pela presidente da Subcomiss&atilde;o Especial de Acompanhamento da Confer&ecirc;ncia, deputada Cida Diogo (PT-RJ), e dever&aacute; ser apreciado na pr&oacute;xima reuni&atilde;o da CCTCI. Hoje, durante reuni&atilde;o, a deputada sugeriu que seja feita uma forte mobiliza&ccedil;&atilde;o para ampliar as discuss&otilde;es que ser&atilde;o levadas &agrave; Confer&ecirc;ncia, inclusive junto aos &oacute;rg&atilde;os estaduais.<\/p>\n","protected":false},"excerpt":{"rendered":"<p>Reproduzido do Telecom Online A Comiss&atilde;o de Ci&ecirc;ncia e Tecnologia, Comunica&ccedil;&atilde;o e Inform&aacute;tica quer discutir com o governo o corte de verba feito pelo Executivo para a realiza&ccedil;&atilde;o da Confer&ecirc;ncia Nacional de Comunica&ccedil;&atilde;o. O volume de recursos destinado ao evento passou de R$ 8,2 milh&otilde;es para R$ 1,6 milh&atilde;o. A id&eacute;ia &eacute; realizar at&eacute; a &hellip; <a href=\"https:\/\/obscom.intervozes.org.br\/?p=22940\" class=\"more-link\">Continue lendo <span class=\"screen-reader-text\">Comiss\u00e3o de Ci\u00eancia e Tecnologia quer discutir redu\u00e7\u00e3o de verba para Confer\u00eancia de Comunica\u00e7\u00e3o<\/span> <span class=\"meta-nav\">&rarr;<\/span><\/a><\/p>\n","protected":false},"author":1,"featured_media":0,"comment_status":"open","ping_status":"open","sticky":false,"template":"","format":"standard","meta":{"footnotes":""},"categories":[39],"tags":[],"_links":{"self":[{"href":"https:\/\/obscom.intervozes.org.br\/index.php?rest_route=\/wp\/v2\/posts\/22940"}],"collection":[{"href":"https:\/\/obscom.intervozes.org.br\/index.php?rest_route=\/wp\/v2\/posts"}],"about":[{"href":"https:\/\/obscom.intervozes.org.br\/index.php?rest_route=\/wp\/v2\/types\/post"}],"author":[{"embeddable":true,"href":"https:\/\/obscom.intervozes.org.br\/index.php?rest_route=\/wp\/v2\/users\/1"}],"replies":[{"embeddable":true,"href":"https:\/\/obscom.intervozes.org.br\/index.php?rest_route=%2Fwp%2Fv2%2Fcomments&post=22940"}],"version-history":[{"count":0,"href":"https:\/\/obscom.intervozes.org.br\/index.php?rest_route=\/wp\/v2\/posts\/22940\/revisions"}],"wp:attachment":[{"href":"https:\/\/obscom.intervozes.org.br\/index.php?rest_route=%2Fwp%2Fv2%2Fmedia&parent=22940"}],"wp:term":[{"taxonomy":"category","embeddable":true,"href":"https:\/\/obscom.intervozes.org.br\/index.php?rest_route=%2Fwp%2Fv2%2Fcategories&post=22940"},{"taxonomy":"post_tag","embeddable":true,"href":"https:\/\/obscom.intervozes.org.br\/index.php?rest_route=%2Fwp%2Fv2%2Ftags&post=22940"}],"curies":[{"name":"wp","href":"https:\/\/api.w.org\/{rel}","templated":true}]}}