{"id":22937,"date":"2009-06-18T14:51:19","date_gmt":"2009-06-18T14:51:19","guid":{"rendered":"https:\/\/obscom.intervozes.org.br\/wordpress\/?p=22937"},"modified":"2009-06-18T14:51:19","modified_gmt":"2009-06-18T14:51:19","slug":"costa-defende-reestruturacao-da-agencia-na-posse-de-rezende","status":"publish","type":"post","link":"https:\/\/obscom.intervozes.org.br\/?p=22937","title":{"rendered":"Costa defende reestrutura\u00e7\u00e3o da Ag\u00eancia na posse de Rezende"},"content":{"rendered":"\n<p>O economista Jo&atilde;o Rezende foi empossado hoje no Conselho Diretor da Anatel (Ag&ecirc;ncia Nacional de Telecomunica&ccedil;&otilde;es), sete meses depois da vaga deixada pelo conselheiro Pedro Jaime Ziller, que saiu no in&iacute;cio de novembro do ano passado. A recomposi&ccedil;&atilde;o do conselho dever&aacute; facilitar a decis&atilde;o sobre a destina&ccedil;&atilde;o da faixa de 2,5 GHz, que vem sendo postergada desde o in&iacute;cio do ano, por falta de consenso. <\/p>\n<p>O ministro das Comunica&ccedil;&otilde;es, H&eacute;lio Costa, que presidiu a solenidade, destacou a not&oacute;ria capacidade de Rezende e a import&acirc;ncia da posse do quinto conselheiro para facilitar o processo decis&oacute;rio da ag&ecirc;ncia, &ldquo;fundamental para o desenvolvimento das telecomunica&ccedil;&otilde;es&rdquo;, disse. Ele ressaltou os desafios que a Anatel ter&aacute; que enfrentar como levar a banda larga para as &aacute;reas rurais, especialmente para as escolas p&uacute;blicas, assim como identificar e alocar espectro de freq&uuml;&ecirc;ncia visando acelerar a massifica&ccedil;&atilde;o da banda larga sem fio no Brasil.<\/p>\n<p>Costa defendeu ainda a reestrutura&ccedil;&atilde;o da ag&ecirc;ncia que, segundo ele, &eacute; orientada por servi&ccedil;os e deve se preparar para regular a converg&ecirc;ncia. Ele disse que o Minicom e a Anatel vivem um momento de rela&ccedil;&atilde;o cordial e acha que a reestrutura&ccedil;&atilde;o da ag&ecirc;ncia pode ser pensada em conjunto. &ldquo;Mas ter&aacute; que ser formalizada pelo minist&eacute;rio&rdquo;, disse. Ele considera fundamental fortalecer a&nbsp; &aacute;rea de freq&uuml;&ecirc;ncias.<\/p>\n<p>O presidente da Anatel, Ronaldo Sardenberg, disse que a posse de Rezende &eacute; fundamental para a agilidade e efici&ecirc;ncia da atua&ccedil;&atilde;o da ag&ecirc;ncia. Ele destacou os que ter&atilde;o que ser enfrentados, como a renova&ccedil;&atilde;o dos contratos de concess&atilde;o da telefonia fixa, que inclui a revis&atilde;o do PGMU (Plano Geral de Metas de Universaliza&ccedil;&atilde;o) e do PGMQ (Plano Geral de Metas de Qualidade); o regulamento das san&ccedil;&otilde;es e do uso eficiente do espectro; bem como a destina&ccedil;&atilde;o da faixa de 2,5 GHz e de 450 MHz.<\/p>\n<p>Em discurso breve, Jo&atilde;o Rezende disse que somar&aacute; esfor&ccedil;os com os outros conselheiros na defini&ccedil;&atilde;o de mat&eacute;rias fundamentais para o desenvolvimento das telecomunica&ccedil;&otilde;es. A solenidade foi prestigiada por presidente de empresas e de entidades do setor, executivos, parlamentares e ex-conselheiros da ag&ecirc;ncia.<\/p>\n<p>Formado pela Universidade Estadual de Londrina, Jo&atilde;o Rezende &eacute; mestre em Economia pela Pontif&iacute;cia Universidade Cat&oacute;lica de S&atilde;o Paulo. Foi secret&aacute;rio de Fazenda de Londrina, presidente da Sercomtel, diretor financeiro da Funda&ccedil;&atilde;o Paulista de Educa&ccedil;&atilde;o e Tecnologia, economista do Departamento Intersindical de Estat&iacute;stica e Estudos Socioecon&ocirc;micos (Dieese) e atualmente &eacute; chefe de gabinete do Minist&eacute;rio do Planejamento, Or&ccedil;amento e Gest&atilde;o.<\/p>\n","protected":false},"excerpt":{"rendered":"<p>O economista Jo&atilde;o Rezende foi empossado hoje no Conselho Diretor da Anatel (Ag&ecirc;ncia Nacional de Telecomunica&ccedil;&otilde;es), sete meses depois da vaga deixada pelo conselheiro Pedro Jaime Ziller, que saiu no in&iacute;cio de novembro do ano passado. A recomposi&ccedil;&atilde;o do conselho dever&aacute; facilitar a decis&atilde;o sobre a destina&ccedil;&atilde;o da faixa de 2,5 GHz, que vem sendo &hellip; <a href=\"https:\/\/obscom.intervozes.org.br\/?p=22937\" class=\"more-link\">Continue lendo <span class=\"screen-reader-text\">Costa defende reestrutura\u00e7\u00e3o da Ag\u00eancia na posse de Rezende<\/span> <span class=\"meta-nav\">&rarr;<\/span><\/a><\/p>\n","protected":false},"author":1,"featured_media":0,"comment_status":"open","ping_status":"open","sticky":false,"template":"","format":"standard","meta":{"footnotes":""},"categories":[40],"tags":[152],"_links":{"self":[{"href":"https:\/\/obscom.intervozes.org.br\/index.php?rest_route=\/wp\/v2\/posts\/22937"}],"collection":[{"href":"https:\/\/obscom.intervozes.org.br\/index.php?rest_route=\/wp\/v2\/posts"}],"about":[{"href":"https:\/\/obscom.intervozes.org.br\/index.php?rest_route=\/wp\/v2\/types\/post"}],"author":[{"embeddable":true,"href":"https:\/\/obscom.intervozes.org.br\/index.php?rest_route=\/wp\/v2\/users\/1"}],"replies":[{"embeddable":true,"href":"https:\/\/obscom.intervozes.org.br\/index.php?rest_route=%2Fwp%2Fv2%2Fcomments&post=22937"}],"version-history":[{"count":0,"href":"https:\/\/obscom.intervozes.org.br\/index.php?rest_route=\/wp\/v2\/posts\/22937\/revisions"}],"wp:attachment":[{"href":"https:\/\/obscom.intervozes.org.br\/index.php?rest_route=%2Fwp%2Fv2%2Fmedia&parent=22937"}],"wp:term":[{"taxonomy":"category","embeddable":true,"href":"https:\/\/obscom.intervozes.org.br\/index.php?rest_route=%2Fwp%2Fv2%2Fcategories&post=22937"},{"taxonomy":"post_tag","embeddable":true,"href":"https:\/\/obscom.intervozes.org.br\/index.php?rest_route=%2Fwp%2Fv2%2Ftags&post=22937"}],"curies":[{"name":"wp","href":"https:\/\/api.w.org\/{rel}","templated":true}]}}