{"id":22929,"date":"2009-06-17T16:52:15","date_gmt":"2009-06-17T16:52:15","guid":{"rendered":"https:\/\/obscom.intervozes.org.br\/wordpress\/?p=22929"},"modified":"2014-09-07T02:58:29","modified_gmt":"2014-09-07T02:58:29","slug":"cae-aprova-fuso-horario-unico-para-todo-o-pais","status":"publish","type":"post","link":"https:\/\/obscom.intervozes.org.br\/?p=22929","title":{"rendered":"CAE aprova fuso hor\u00e1rio \u00fanico para todo o pa\u00eds"},"content":{"rendered":"\n<p class=\"padrao\">A Comiss&atilde;o de Assuntos Econ&ocirc;micos (CAE) do Senado aprovou&nbsp; nessa ter&ccedil;a-feira a unifica&ccedil;&atilde;o de todos os fusos hor&aacute;rios do pa&iacute;s com base no de Bras&iacute;lia. Segundo a proposta, deixariam de existir as diferen&ccedil;as de hor&aacute;rio nos estados do Amazonas, Acre, Mato Grosso, Mato Grosso do Sul, Rond&ocirc;nia e de Roraima, al&eacute;m de Fernando de Noronha e da ilha da Trindade.<\/p>\n<p>O autor do projeto (PLS\/08), senador Arthur Virg&iacute;lio (PSDB-AM), justificou a mudan&ccedil;a argumentando que as varia&ccedil;&otilde;es de hor&aacute;rio causam diversos transtornos &agrave;s popula&ccedil;&otilde;es dessas regi&otilde;es, como &quot;obst&aacute;culos &agrave; maior integra&ccedil;&atilde;o do espa&ccedil;o econ&ocirc;mico nacional; preju&iacute;zo &agrave; integra&ccedil;&atilde;o econ&ocirc;mica das popula&ccedil;&otilde;es e atividades realizadas na por&ccedil;&atilde;o mais ocidental da &aacute;rea continental brasileira; deficiente integra&ccedil;&atilde;o dos centros comerciais e industriais de Manaus, Rio Branco, Cuiab&aacute;, Campo Grande, Porto Velho e Boa Vista nos neg&oacute;cios realizados nas pra&ccedil;as do Centro-Sul do pa&iacute;s e enorme descompasso no ritmo vertiginoso de progresso nas comunica&ccedil;&otilde;es e nos transportes&quot;.<\/p>\n<p>A unifica&ccedil;&atilde;o &eacute; tamb&eacute;m uma bandeira do empresariado de radiodifus&atilde;o, que a partir da regulamenta&ccedil;&atilde;o da classifica&ccedil;&atilde;o indicativa, em 2007, passou a combater o respeito &agrave; exig&ecirc;ncia de faixas hor&aacute;rias para programas de televis&atilde;o pelo fato delas dificultarem a transmiss&atilde;o ao vivo em rede nacional de atra&ccedil;&otilde;es como jogos de futebol [<a href=\"http:\/\/localhost\/intervozes_direitoacomunicacao\/wordpress\/?p=19531\">veja aqui<\/a> ]. <\/p>\n<p>O relator do projeto, Gim Argello (PTB-DF), alegou que os moradores desses seis estados com diferen&ccedil;a de hora em rela&ccedil;&atilde;o a Bras&iacute;lia apoiam a proposta. &quot;Todos os estados brasileiros afetados por essa diferen&ccedil;a est&atilde;o &lsquo;vibrando&rsquo;, pois esse &eacute; um problema que os atinge diretamente&quot;, assinalou.<\/p>\n<p>O projeto ser&aacute; agora analisado, em car&aacute;ter terminativo, pela Comiss&atilde;o de Rela&ccedil;&otilde;es Exteriores e Defesa Nacional (CRE).<\/p>\n<p><em>Com informa&ccedil;&otilde;es do Jornal do Senado.<\/em><span class=\"padrao\"> <\/span><\/p>\n","protected":false},"excerpt":{"rendered":"<p>A Comiss&atilde;o de Assuntos Econ&ocirc;micos (CAE) do Senado aprovou&nbsp; nessa ter&ccedil;a-feira a unifica&ccedil;&atilde;o de todos os fusos hor&aacute;rios do pa&iacute;s com base no de Bras&iacute;lia. Segundo a proposta, deixariam de existir as diferen&ccedil;as de hor&aacute;rio nos estados do Amazonas, Acre, Mato Grosso, Mato Grosso do Sul, Rond&ocirc;nia e de Roraima, al&eacute;m de Fernando de Noronha &hellip; <a href=\"https:\/\/obscom.intervozes.org.br\/?p=22929\" class=\"more-link\">Continue lendo <span class=\"screen-reader-text\">CAE aprova fuso hor\u00e1rio \u00fanico para todo o pa\u00eds<\/span> <span class=\"meta-nav\">&rarr;<\/span><\/a><\/p>\n","protected":false},"author":1,"featured_media":0,"comment_status":"open","ping_status":"open","sticky":false,"template":"","format":"standard","meta":{"footnotes":""},"categories":[40],"tags":[111],"_links":{"self":[{"href":"https:\/\/obscom.intervozes.org.br\/index.php?rest_route=\/wp\/v2\/posts\/22929"}],"collection":[{"href":"https:\/\/obscom.intervozes.org.br\/index.php?rest_route=\/wp\/v2\/posts"}],"about":[{"href":"https:\/\/obscom.intervozes.org.br\/index.php?rest_route=\/wp\/v2\/types\/post"}],"author":[{"embeddable":true,"href":"https:\/\/obscom.intervozes.org.br\/index.php?rest_route=\/wp\/v2\/users\/1"}],"replies":[{"embeddable":true,"href":"https:\/\/obscom.intervozes.org.br\/index.php?rest_route=%2Fwp%2Fv2%2Fcomments&post=22929"}],"version-history":[{"count":1,"href":"https:\/\/obscom.intervozes.org.br\/index.php?rest_route=\/wp\/v2\/posts\/22929\/revisions"}],"predecessor-version":[{"id":28026,"href":"https:\/\/obscom.intervozes.org.br\/index.php?rest_route=\/wp\/v2\/posts\/22929\/revisions\/28026"}],"wp:attachment":[{"href":"https:\/\/obscom.intervozes.org.br\/index.php?rest_route=%2Fwp%2Fv2%2Fmedia&parent=22929"}],"wp:term":[{"taxonomy":"category","embeddable":true,"href":"https:\/\/obscom.intervozes.org.br\/index.php?rest_route=%2Fwp%2Fv2%2Fcategories&post=22929"},{"taxonomy":"post_tag","embeddable":true,"href":"https:\/\/obscom.intervozes.org.br\/index.php?rest_route=%2Fwp%2Fv2%2Ftags&post=22929"}],"curies":[{"name":"wp","href":"https:\/\/api.w.org\/{rel}","templated":true}]}}