{"id":22920,"date":"2009-06-15T15:33:33","date_gmt":"2009-06-15T15:33:33","guid":{"rendered":"https:\/\/obscom.intervozes.org.br\/wordpress\/?p=22920"},"modified":"2009-06-15T15:33:33","modified_gmt":"2009-06-15T15:33:33","slug":"conferencia-de-comunicacao-expoe-conflitos-do-governo-lula","status":"publish","type":"post","link":"https:\/\/obscom.intervozes.org.br\/?p=22920","title":{"rendered":"Confer\u00eancia de Comunica\u00e7\u00e3o exp\u00f5e conflitos do governo Lula"},"content":{"rendered":"<p><span class=\"padrao\">Enquanto o ministro das Comunica&ccedil;&otilde;es, H&eacute;lio Costa, entende que os meios s&atilde;o democr&aacute;ticos e manda a juventude se &lsquo;despendurar&rsquo; da internet, o Minist&eacute;rio da Cultura quer mais democracia nos meios e entende como fundamentais a democratiza&ccedil;&atilde;o sobre radiodifus&atilde;o comunit&aacute;ria, produ&ccedil;&atilde;o independente e regionaliza&ccedil;&atilde;o da programa&ccedil;&atilde;o.&nbsp; <\/p>\n<p><\/span>Quando Gilberto Gil assumiu o Minist&eacute;rio da Cultura em 2003, o entendimento de pol&iacute;ticas culturais foi ampliado para um sentido antropol&oacute;gico. Atual ministro, o soci&oacute;logo Juca Ferreira, define que &ldquo;cultura &eacute; todo campo simb&oacute;lico, toda atividade que ultrapasse o limite funcional, que tenha uma carga simb&oacute;lica e contribua para a subjetividade&rdquo;. Assim, pol&iacute;ticas culturais envolvem um conceito muito mais amplo do que pol&iacute;ticas p&uacute;blicas para a cultura. Elas s&atilde;o transversais a outras pol&iacute;ticas e direitos.<\/p>\n<p>Um dos principais entraves para descobrirmos a democracia cultural &eacute; formular pol&iacute;ticas que promovam e protejam a diversidade das express&otilde;es art&iacute;sticas e culturais nos meios de comunica&ccedil;&atilde;o e que alarguem os gargalos de concentra&ccedil;&atilde;o de poder da informa&ccedil;&atilde;o. Te&oacute;ricos entendem que &eacute; imposs&iacute;vel dissociar comunica&ccedil;&atilde;o de cultura. O pr&oacute;prio Minist&eacute;rio da Cultura j&aacute; prop&ocirc;s algumas pol&iacute;ticas que obtiveram sucesso &#8211; como o debate de Cultura Digital do Cultura Viva, a ratifica&ccedil;&atilde;o da Conven&ccedil;&atilde;o da Unesco e os Pontos de M&iacute;dia Livre &#8211; e outros projetos que acabaram massacrados pelas grandes empresas midi&aacute;ticas &#8211; no caso a tentativa de regula&ccedil;&atilde;o do setor audiovisual com o anteprojeto de cria&ccedil;&atilde;o da Ancinav.<\/p>\n<p>Assim, participa&ccedil;&atilde;o de artistas e pensadores do assunto &eacute; fundamental na 1&ordf; Confer&ecirc;ncia Nacional de Comunica&ccedil;&atilde;o (Confecom) que se aproxima. Al&eacute;m das incertezas sobre os temas que estar&atilde;o em pauta e como acontecer&atilde;o as etapas locais e estaduais (que anteceder&atilde;o o grande encontro em Bras&iacute;lia, nos dia 1, 2 e 3 dezembro), a sociedade civil n&atilde;o empresarial preocupa-se em criar uma arena de debates sem tabus e com a presen&ccedil;a dos mais diferentes segmentos sociais. A inten&ccedil;&atilde;o &eacute; que o processo seja marcado n&atilde;o apenas como uma discuss&atilde;o de t&eacute;cnicas e tecnologias, mas que seja uma ampla reflex&atilde;o sobre democracia e a sociedade que queremos.<\/p>\n<p>A Confer&ecirc;ncia &eacute; reivindicada desde 2006 por entidades como o coletivo Intervozes, Conselho Federal de Psicologia e Associa&ccedil;&atilde;o Brasileira de Radiodifus&atilde;o Comunit&aacute;ria que formaram em 2007 a Comiss&atilde;o Nacional Pr&oacute;-Confer&ecirc;ncia de Comunica&ccedil;&atilde;o, estabelecendo di&aacute;logo com governo. culminou no an&uacute;ncio do presidente Lula durante o F&oacute;rum Social Mundial, em Bel&eacute;m do Par&aacute;, afirmando a convoca&ccedil;&atilde;o da Confer&ecirc;ncia ainda para este ano. Em 16 de abril, o decreto de convoca&ccedil;&atilde;o da Confecom foi publicado e a as entidades que comp&otilde;em a comiss&atilde;o organizadora foram estabelecidas pelo Minist&eacute;rio das Comunica&ccedil;&otilde;es (MiniCom), respons&aacute;vel pela organiza&ccedil;&atilde;o.<\/p>\n<p>Para acompanhar os passos do ministro das Comunica&ccedil;&otilde;es, H&eacute;lio Costa, Lula convocou os ministros Luiz Dulci e Franklin Martins (secretarias Geral da Presid&ecirc;ncia e Comunica&ccedil;&atilde;o Social, respectivamente). Durante coletiva de imprensa por ocasi&atilde;o da cria&ccedil;&atilde;o da comiss&atilde;o organizadora, Dulci afirmou que n&atilde;o existem temas tabus a serem conferidos. Entre os interesses que estar&atilde;o em pauta nos dia 1, 2 e 3 de dezembro em Bras&iacute;lia, o ministro da Cultura quer afirmar as r&aacute;dios comunit&aacute;rias e possibilitar a experi&ecirc;ncia de TVs comunit&aacute;rias, a regionaliza&ccedil;&atilde;o do acesso a exibi&ccedil;&atilde;o e veicula&ccedil;&atilde;o dos conte&uacute;dos e democratizar os meios de comunica&ccedil;&atilde;o para que a produ&ccedil;&atilde;o independente tenha acesso aos meios de difus&atilde;o.<\/p>\n<p>&ldquo;O Brasil &eacute; muito resistente em mudar a legisla&ccedil;&atilde;o. At&eacute; hoje, n&atilde;o conseguimos regulamentar o cap&iacute;tulo da comunica&ccedil;&atilde;o na Constitui&ccedil;&atilde;o, como est&aacute; previsto. Os interesses s&atilde;o muito grandes e poderos. Mas o povo brasileiro vai conseguir fazer isso&rdquo;, acredita o ministro Juca Ferreira. O Ministro da Cultura refere-se aos artigos 221 a 224 da Constitui&ccedil;&atilde;o que afirma, entre outros pontos, que &ldquo;os meios de comunica&ccedil;&atilde;o n&atilde;o podem ser objeto de monop&oacute;lio ou oligop&oacute;lio&rdquo; e que a programa&ccedil;&atilde;o de radiodifusores deve atender princ&iacute;pios como prefer&ecirc;ncia a finalidades educativas, art&iacute;sticas, culturais e informativas; promo&ccedil;&atilde;o da cultura nacional e regional e est&iacute;mulo &agrave; produ&ccedil;&atilde;o independente.<\/p>\n<p>Por&eacute;m a boa vontade governamental para por a&iacute;. Ali&aacute;s, o ministro das Comunica&ccedil;&otilde;es, H&eacute;lio Costa, &eacute; defensor dos interesses das empresas de radiodifus&atilde;o e fez de tudo para que a Confecom n&atilde;o acontecesse. Depois de convocada, H&eacute;lio Costa j&aacute; afirmou que os meios de comunica&ccedil;&atilde;o j&aacute; s&atilde;o democr&aacute;ticos, portanto n&atilde;o &eacute; necess&aacute;rio debater pol&iacute;ticas de democratiza&ccedil;&atilde;o da comunica&ccedil;&atilde;o. Al&eacute;m disso, o ministro quer que a Confer&ecirc;ncia olhe para as novas tecnologias e no Congresso da Abert (associa&ccedil;&atilde;o dos donos de R&aacute;dios e TVs), realizado em maio, H&eacute;lio Costa afirmou que &ldquo;a juventude precisa se despendurar da internet e voltar a ver TV&rdquo;.<\/p>\n<p>N&atilde;o bastasse a m&aacute; vontade, o or&ccedil;amento do MiniCom destinado para a realiza&ccedil;&atilde;o da Confecom era inicialmente de R$ 8,9 milh&otilde;es, mas o governo j&aacute; anunciou um corte que deixa pouco menos de R$ 1,6 milh&atilde;o. A cria&ccedil;&atilde;o da comiss&atilde;o organizadora, sem nenhuma consulta, tamb&eacute;m exp&otilde;e contradi&ccedil;&otilde;es. Conforme o jornalista Vilson Vieira Jr. denunciou em seu blog, quatro parlamentares que representam o Congresso t&ecirc;m propriedade sobre concess&otilde;es p&uacute;blicas de r&aacute;dio e TV. A primeira reuni&atilde;o da comiss&atilde;o aconteceu no dia 1&ordm; de junho e o pr&oacute;ximo encontro ser&aacute; dia 19 de junho.<\/p>\n<p><strong>Diversidade Cultural<br \/><\/strong><br \/>Na abertura do Quinto Encontro de Estudos Multidisciplinares em Cultura promovido na UFBA (V Enecut), o presidente da Funda&ccedil;&atilde;o Cultural Palmares, Zulu Ara&uacute;jo, afirmou que os grandes ve&iacute;culos de comuncia&ccedil;&atilde;o est&atilde;o promovendo um verdadeiro cerco &agrave;s pol&iacute;ticas de repara&ccedil;&atilde;o racial a partir das cotas em universidades. &ldquo;&Eacute; articulado e anti democr&aacute;tico. A democratiza&ccedil;&atilde;o da comunica&ccedil;&atilde;o &eacute; fundamental para repararmos a concentra&ccedil;&atilde;o&rdquo;, pontuou.<\/p>\n<p>Para o cineasta e pesquisador mineiro Joel Zito Ara&uacute;jo, que tamb&eacute;m participou do V Enecult, existe um tabu que come&ccedil;ou agora a ter uma perspectiva interessante no debate de Tv P&uacute;blica, a partir dos F&oacute;runs. Ele lembra de uma pesquisa que constatou que no ano passado o n&uacute;mero de apresentadores de telejornais brancos era de 93% do total em todo o pa&iacute;s. O n&uacute;mero de programas que falavam um pouco sobre cultura negra n&atilde;o chegavam a 8% da programa&ccedil;&atilde;o.<\/p>\n<p>&ldquo;Se n&oacute;s n&atilde;o estabelecermos uma pol&iacute;tica para implementar o orgulho da diversidade, a incorpora&ccedil;&atilde;o de forma positiva do &iacute;ndio e do negro, n&oacute;s n&atilde;o mudamos. N&oacute;s estamos presos a uma mentalidade ainda do branco como a melhor representa&ccedil;&atilde;o do humano. Portanto, essa Confer&ecirc;ncia tem que incorporar esse tipo de mudan&ccedil;a. Se a gente n&atilde;o come&ccedil;ar debater essa quest&atilde;o nas escolas e entre os profissionais de comunica&ccedil;&atilde;o, n&atilde;o avan&ccedil;aremos&rdquo;, acredita Joel Zito Ara&uacute;jo.<\/p>\n","protected":false},"excerpt":{"rendered":"<p>Enquanto o ministro das Comunica&ccedil;&otilde;es, H&eacute;lio Costa, entende que os meios s&atilde;o democr&aacute;ticos e manda a juventude se &lsquo;despendurar&rsquo; da internet, o Minist&eacute;rio da Cultura quer mais democracia nos meios e entende como fundamentais a democratiza&ccedil;&atilde;o sobre radiodifus&atilde;o comunit&aacute;ria, produ&ccedil;&atilde;o independente e regionaliza&ccedil;&atilde;o da programa&ccedil;&atilde;o.&nbsp; Quando Gilberto Gil assumiu o Minist&eacute;rio da Cultura em 2003, &hellip; <a href=\"https:\/\/obscom.intervozes.org.br\/?p=22920\" class=\"more-link\">Continue lendo <span class=\"screen-reader-text\">Confer\u00eancia de Comunica\u00e7\u00e3o exp\u00f5e conflitos do governo Lula<\/span> <span class=\"meta-nav\">&rarr;<\/span><\/a><\/p>\n","protected":false},"author":1,"featured_media":0,"comment_status":"open","ping_status":"open","sticky":false,"template":"","format":"standard","meta":{"footnotes":""},"categories":[40],"tags":[1012],"_links":{"self":[{"href":"https:\/\/obscom.intervozes.org.br\/index.php?rest_route=\/wp\/v2\/posts\/22920"}],"collection":[{"href":"https:\/\/obscom.intervozes.org.br\/index.php?rest_route=\/wp\/v2\/posts"}],"about":[{"href":"https:\/\/obscom.intervozes.org.br\/index.php?rest_route=\/wp\/v2\/types\/post"}],"author":[{"embeddable":true,"href":"https:\/\/obscom.intervozes.org.br\/index.php?rest_route=\/wp\/v2\/users\/1"}],"replies":[{"embeddable":true,"href":"https:\/\/obscom.intervozes.org.br\/index.php?rest_route=%2Fwp%2Fv2%2Fcomments&post=22920"}],"version-history":[{"count":0,"href":"https:\/\/obscom.intervozes.org.br\/index.php?rest_route=\/wp\/v2\/posts\/22920\/revisions"}],"wp:attachment":[{"href":"https:\/\/obscom.intervozes.org.br\/index.php?rest_route=%2Fwp%2Fv2%2Fmedia&parent=22920"}],"wp:term":[{"taxonomy":"category","embeddable":true,"href":"https:\/\/obscom.intervozes.org.br\/index.php?rest_route=%2Fwp%2Fv2%2Fcategories&post=22920"},{"taxonomy":"post_tag","embeddable":true,"href":"https:\/\/obscom.intervozes.org.br\/index.php?rest_route=%2Fwp%2Fv2%2Ftags&post=22920"}],"curies":[{"name":"wp","href":"https:\/\/api.w.org\/{rel}","templated":true}]}}