{"id":22917,"date":"2009-06-15T14:25:21","date_gmt":"2009-06-15T14:25:21","guid":{"rendered":"https:\/\/obscom.intervozes.org.br\/wordpress\/?p=22917"},"modified":"2009-06-15T14:25:21","modified_gmt":"2009-06-15T14:25:21","slug":"parte-do-df-nao-sabe-o-que-e-a-teve-digital","status":"publish","type":"post","link":"https:\/\/obscom.intervozes.org.br\/?p=22917","title":{"rendered":"Parte do DF n\u00e3o sabe o que \u00e9 a tev\u00ea digital"},"content":{"rendered":"<p><span class=\"padrao\">A TV digital estreou em Bras&iacute;lia h&aacute; um m&ecirc;s, mas nem todo o Distrito Federal est&aacute; tendo acesso &agrave; nova tecnologia. Como a torre definitiva s&oacute; vai ficar pronta no ano que vem, as emissoras tiveram que instalar os equipamentos provisoriamente para n&atilde;o deixar a cidade exclu&iacute;da da novidade, que chegar&aacute; a todas as capitais at&eacute; o fim do ano, segundo o Minist&eacute;rio das Comunica&ccedil;&otilde;es. Mas o sinal n&atilde;o abrange todo o DF. Uma das explica&ccedil;&otilde;es &eacute; que n&atilde;o compensa fazer grandes investimentos em uma base tempor&aacute;ria. Em 2010, quando a estrutura que abrigar&aacute; todas as emissoras estiver conclu&iacute;da, a&iacute; sim todo o DF estar&aacute; inclu&iacute;do. <\/p>\n<p>Por enquanto, a TV Globo &eacute; a &uacute;nica emissora privada que iniciou as transmiss&otilde;es usando a tecnologia. O sinal est&aacute; no ar desde 22 de abril, chegando ao Plano Piloto, parte de Taguatinga, Guar&aacute;, Cruzeiro e Sudoeste. Esse &eacute; o caminho percorrido pelas ondas que saem da torre instalada no Grande Colorado at&eacute; o Plano. A regi&atilde;o alcan&ccedil;ada pela onda &eacute; a prioridade para a recep&ccedil;&atilde;o do sinal no primeiro momento. A Record pretende estrear at&eacute; o fim do semestre o sinal digital, que deve atingir parte de &Aacute;guas Claras, Sudoeste e, talvez, Taguatinga, segundo o gerente-t&eacute;cnico da rede, Silas Adauto. <\/p>\n<p>&ldquo;Mesmo sendo provis&oacute;rio, queremos fazer algo um pouco melhor. A diferen&ccedil;a &eacute; que determinados telespectadores que est&atilde;o mais pr&oacute;ximos (&agrave;s antenas de transmiss&atilde;o) v&atilde;o ter facilidade para captar o sinal at&eacute; com antena interna&rdquo;, explica. &ldquo;A TV digital &eacute; um processo. Estamos apenas na primeira etapa. A gente come&ccedil;ou com a implanta&ccedil;&atilde;o dos sites principais, mas quando estivermos com a TV digital completa, teremos um alcance bem maior do que temos hoje&rdquo;, pondera. <\/p>\n<p>Segundo o gerente-t&eacute;cnico do SBT, Fernando Matos, como as transmiss&otilde;es est&atilde;o ocorrendo em car&aacute;ter provis&oacute;rio, h&aacute; limita&ccedil;&atilde;o em rela&ccedil;&atilde;o &agrave; antena. &ldquo;A cobertura est&aacute; prevendo o Plano Piloto. Quando entrar a torre nova, alta, e com 100% de pot&ecirc;ncia, vamos contemplar todas as encostas de Taguatinga, parte baixa da Ceil&acirc;ndia e todo o DF&rdquo;, afirma. A emissora pretende iniciar as atividades em sinal digital no fim do primeiro semestre ou at&eacute; agosto, no m&aacute;ximo. <\/p>\n<p>Eduardo Tude, presidente da Teleco, consultoria especializada em telecomunica&ccedil;&otilde;es, chama a aten&ccedil;&atilde;o para alguns cuidados que o consumidor deve ter na hora de comprar os conversores necess&aacute;rios para que um televisor comum possa captar o sinal digital. &ldquo;O aparelho tem de ser adequado ao padr&atilde;o brasileiro. A pessoa tem que ter certeza que vai funcionar aqui&rdquo;, alerta. Por isso, a dica &eacute; optar sempre por lojas e sites conhecidos. &ldquo;&Eacute; preciso ter a garantia de que o consumidor pode devolver o conversor se ele n&atilde;o funcionar&rdquo;, observa. <\/p>\n<p>Para algumas emissoras, por&eacute;m, os testes dos equipamentos determinar&atilde;o as regi&otilde;es fora do Plano Piloto onde ser&aacute; poss&iacute;vel assistir &agrave; TV digital. &ldquo;Temos que fazer os testes. Eles &eacute; que v&atilde;o mostrar a necessidade de instalar repetidores em &aacute;reas onde o sinal n&atilde;o chega&rdquo;, explica o gerente-t&eacute;cnico operacional da Rede Bandeirantes em Bras&iacute;lia, Alexandre Vila. Ele acredita que as &aacute;reas cobertas pela Band ser&atilde;o as mesmas da Globo. Vila ressalta que os cont&ecirc;ineres j&aacute; est&atilde;o instalados no Colorado e as antenas e as linhas de transmiss&atilde;o ficar&atilde;o prontas nos pr&oacute;ximos 10 dias. S&oacute; vai ficar faltando o transmissor, cuja instala&ccedil;&atilde;o depende do aval da matriz da emissora, em S&atilde;o Paulo. <\/p>\n<p>O analista de sistemas Rodrigo Silveira Rocha Fraga ficou decepcionado ao saber que, por enquanto, n&atilde;o poder&aacute; ter acesso &agrave; nova tecnologia em Vicente Pires. Mesmo assim, ele quer comprar logo o conversor. &ldquo;No dia que estreou, fui correndo para a loja. S&oacute; n&atilde;o comprei porque o modelo que eu queria, e que estava com pre&ccedil;o bom, tinha acabado&rdquo;, diz. Recentemente, ele adquiriu uma tev&ecirc; de LCD, j&aacute; pensando em desfrutar da boa imagem que o sinal digital proporcionar&aacute;. &ldquo;Tinha a op&ccedil;&atilde;o de comprar a tev&ecirc; j&aacute; com o conversor embutido, mas vi que n&atilde;o valia a pena, pois o equipamento n&atilde;o oferecia diversos recursos que est&atilde;o dispon&iacute;veis nas op&ccedil;&otilde;es que est&atilde;o no mercado&rdquo;, comenta.<\/span><\/p>\n","protected":false},"excerpt":{"rendered":"<p>A TV digital estreou em Bras&iacute;lia h&aacute; um m&ecirc;s, mas nem todo o Distrito Federal est&aacute; tendo acesso &agrave; nova tecnologia. Como a torre definitiva s&oacute; vai ficar pronta no ano que vem, as emissoras tiveram que instalar os equipamentos provisoriamente para n&atilde;o deixar a cidade exclu&iacute;da da novidade, que chegar&aacute; a todas as capitais &hellip; <a href=\"https:\/\/obscom.intervozes.org.br\/?p=22917\" class=\"more-link\">Continue lendo <span class=\"screen-reader-text\">Parte do DF n\u00e3o sabe o que \u00e9 a tev\u00ea digital<\/span> <span class=\"meta-nav\">&rarr;<\/span><\/a><\/p>\n","protected":false},"author":1,"featured_media":0,"comment_status":"open","ping_status":"open","sticky":false,"template":"","format":"standard","meta":{"footnotes":""},"categories":[40],"tags":[601],"_links":{"self":[{"href":"https:\/\/obscom.intervozes.org.br\/index.php?rest_route=\/wp\/v2\/posts\/22917"}],"collection":[{"href":"https:\/\/obscom.intervozes.org.br\/index.php?rest_route=\/wp\/v2\/posts"}],"about":[{"href":"https:\/\/obscom.intervozes.org.br\/index.php?rest_route=\/wp\/v2\/types\/post"}],"author":[{"embeddable":true,"href":"https:\/\/obscom.intervozes.org.br\/index.php?rest_route=\/wp\/v2\/users\/1"}],"replies":[{"embeddable":true,"href":"https:\/\/obscom.intervozes.org.br\/index.php?rest_route=%2Fwp%2Fv2%2Fcomments&post=22917"}],"version-history":[{"count":0,"href":"https:\/\/obscom.intervozes.org.br\/index.php?rest_route=\/wp\/v2\/posts\/22917\/revisions"}],"wp:attachment":[{"href":"https:\/\/obscom.intervozes.org.br\/index.php?rest_route=%2Fwp%2Fv2%2Fmedia&parent=22917"}],"wp:term":[{"taxonomy":"category","embeddable":true,"href":"https:\/\/obscom.intervozes.org.br\/index.php?rest_route=%2Fwp%2Fv2%2Fcategories&post=22917"},{"taxonomy":"post_tag","embeddable":true,"href":"https:\/\/obscom.intervozes.org.br\/index.php?rest_route=%2Fwp%2Fv2%2Ftags&post=22917"}],"curies":[{"name":"wp","href":"https:\/\/api.w.org\/{rel}","templated":true}]}}