{"id":22916,"date":"2009-06-15T14:22:02","date_gmt":"2009-06-15T14:22:02","guid":{"rendered":"https:\/\/obscom.intervozes.org.br\/wordpress\/?p=22916"},"modified":"2009-06-15T14:22:02","modified_gmt":"2009-06-15T14:22:02","slug":"justica-proibe-olinda-pe-de-autorizar-radios-comunitarias","status":"publish","type":"post","link":"https:\/\/obscom.intervozes.org.br\/?p=22916","title":{"rendered":"Justi\u00e7a pro\u00edbe Olinda (PE) de autorizar r\u00e1dios comunit\u00e1rias"},"content":{"rendered":"\n<p class=\"padrao\"><u><strong>Reproduzido do Tele.S&iacute;ntese<br \/><\/strong><\/u><br \/>O munic&iacute;pio de Olinda, em Pernambuco, est&aacute; proibido de conceder autoriza&ccedil;&otilde;es de funcionamento a r&aacute;dios comunit&aacute;rias. Tamb&eacute;m foram declaradas nulas as autoriza&ccedil;&otilde;es j&aacute; concedidas. A decis&atilde;o &eacute; da 21&ordf; Vara da Justi&ccedil;a Federal em Pernambuco em a&ccedil;&atilde;o civil p&uacute;blica ajuizada pela Anatel (Ag&ecirc;ncia Nacional de Telecomunica&ccedil;&otilde;es), foi confirmada pela Segunda Turma do Tribunal Regional Federal da 5&ordf; Regi&atilde;o, que n&atilde;o acatou o recurso do munic&iacute;pio.<\/p>\n<p>No recurso, o munic&iacute;pio alegou que a Lei municipal n&ordm; 5.460\/05, que trata das autoriza&ccedil;&otilde;es, &eacute; constitucional porque o munic&iacute;pio possui compet&ecirc;ncia para legislar sobre assuntos de interesse local. Afirmou ainda que as dificuldades para autorizar o funcionamento das r&aacute;dios comunit&aacute;rias demonstram a aus&ecirc;ncia de interesse da Uni&atilde;o na mat&eacute;ria, o que favorece a manuten&ccedil;&atilde;o de oligop&oacute;lios nos meios de comunica&ccedil;&atilde;o.<\/p>\n<p><span class=\"padrao\">Em seu parecer, o MPF argumentou que os munic&iacute;pios n&atilde;o podem conceder autoriza&ccedil;&otilde;es de funcionamento a r&aacute;dios comunit&aacute;rias, tampouco legislar sobre o tema. O artigo 21, XI, da Constitui&ccedil;&atilde;o Federal atribui &agrave; Uni&atilde;o a compet&ecirc;ncia exclusiva para explorar os servi&ccedil;os de radiodifus&atilde;o e telecomunica&ccedil;&otilde;es diretamente ou mediante concess&atilde;o, autoriza&ccedil;&atilde;o e permiss&atilde;o, enquanto o artigo 22, IV, confere &agrave; Uni&atilde;o, privativamente, poder para legislar sobre tais assuntos.&nbsp; <\/span><\/p>\n","protected":false},"excerpt":{"rendered":"<p>Reproduzido do Tele.S&iacute;nteseO munic&iacute;pio de Olinda, em Pernambuco, est&aacute; proibido de conceder autoriza&ccedil;&otilde;es de funcionamento a r&aacute;dios comunit&aacute;rias. Tamb&eacute;m foram declaradas nulas as autoriza&ccedil;&otilde;es j&aacute; concedidas. A decis&atilde;o &eacute; da 21&ordf; Vara da Justi&ccedil;a Federal em Pernambuco em a&ccedil;&atilde;o civil p&uacute;blica ajuizada pela Anatel (Ag&ecirc;ncia Nacional de Telecomunica&ccedil;&otilde;es), foi confirmada pela Segunda Turma do Tribunal &hellip; <a href=\"https:\/\/obscom.intervozes.org.br\/?p=22916\" class=\"more-link\">Continue lendo <span class=\"screen-reader-text\">Justi\u00e7a pro\u00edbe Olinda (PE) de autorizar r\u00e1dios comunit\u00e1rias<\/span> <span class=\"meta-nav\">&rarr;<\/span><\/a><\/p>\n","protected":false},"author":1,"featured_media":0,"comment_status":"open","ping_status":"open","sticky":false,"template":"","format":"standard","meta":{"footnotes":""},"categories":[39],"tags":[],"_links":{"self":[{"href":"https:\/\/obscom.intervozes.org.br\/index.php?rest_route=\/wp\/v2\/posts\/22916"}],"collection":[{"href":"https:\/\/obscom.intervozes.org.br\/index.php?rest_route=\/wp\/v2\/posts"}],"about":[{"href":"https:\/\/obscom.intervozes.org.br\/index.php?rest_route=\/wp\/v2\/types\/post"}],"author":[{"embeddable":true,"href":"https:\/\/obscom.intervozes.org.br\/index.php?rest_route=\/wp\/v2\/users\/1"}],"replies":[{"embeddable":true,"href":"https:\/\/obscom.intervozes.org.br\/index.php?rest_route=%2Fwp%2Fv2%2Fcomments&post=22916"}],"version-history":[{"count":0,"href":"https:\/\/obscom.intervozes.org.br\/index.php?rest_route=\/wp\/v2\/posts\/22916\/revisions"}],"wp:attachment":[{"href":"https:\/\/obscom.intervozes.org.br\/index.php?rest_route=%2Fwp%2Fv2%2Fmedia&parent=22916"}],"wp:term":[{"taxonomy":"category","embeddable":true,"href":"https:\/\/obscom.intervozes.org.br\/index.php?rest_route=%2Fwp%2Fv2%2Fcategories&post=22916"},{"taxonomy":"post_tag","embeddable":true,"href":"https:\/\/obscom.intervozes.org.br\/index.php?rest_route=%2Fwp%2Fv2%2Ftags&post=22916"}],"curies":[{"name":"wp","href":"https:\/\/api.w.org\/{rel}","templated":true}]}}