{"id":22913,"date":"2009-06-12T17:14:23","date_gmt":"2009-06-12T17:14:23","guid":{"rendered":"https:\/\/obscom.intervozes.org.br\/wordpress\/?p=22913"},"modified":"2009-06-12T17:14:23","modified_gmt":"2009-06-12T17:14:23","slug":"pro-teste-quer-isencao-de-fatura-de-usuarios-apos-pane","status":"publish","type":"post","link":"https:\/\/obscom.intervozes.org.br\/?p=22913","title":{"rendered":"Pro Teste quer isen\u00e7\u00e3o de fatura de usu\u00e1rios ap\u00f3s pane"},"content":{"rendered":"\n<p class=\"padrao\">A Pro Teste impetrar&aacute; a&ccedil;&atilde;o civil p&uacute;blica na pr&oacute;xima semana contra a Telef&ocirc;nica, para que seja descontado o valor da assinatura b&aacute;sica da telefonia fixa (R$ 39,97) na pr&oacute;xima fatura, como forma de ressarcir os danos causados a 12 milh&otilde;es de usu&aacute;rios do Estado de S&atilde;o Paulo que tiveram preju&iacute;zos com a interrup&ccedil;&atilde;o dos servi&ccedil;os na &uacute;ltima ter&ccedil;a (9). O desconto coletivo seria feito sem preju&iacute;zo &agrave;s perdas individuais que por ventura possam ter acontecido.<\/p>\n<p>A Pro Teste considera que a falha na presta&ccedil;&atilde;o dos servi&ccedil;os neste &uacute;ltimo dia 9 de junho foi ainda mais grave que as anteriores, pois afetou a telefonia fixa &#8211; &uacute;nico servi&ccedil;o prestado em regime p&uacute;blico e considerado essencial, deixando de atender at&eacute; chamadas para a Pol&iacute;cia Civil, Corpo de Bombeiros e outros &oacute;rg&atilde;os p&uacute;blicos que prestam atendimento de urg&ecirc;ncia.<\/p>\n<p><strong>Anatel<\/strong><\/p>\n<p>A Pro Teste tamb&eacute;m repudia a atua&ccedil;&atilde;o &quot;d&eacute;bil&quot; da Anatel, que n&atilde;o fiscaliza as concession&aacute;rias com o rigor adequado &agrave; import&acirc;ncia dos servi&ccedil;os prestados. Considera que, tamb&eacute;m por causa desta omiss&atilde;o, tem havido reiteradas interrup&ccedil;&otilde;es na presta&ccedil;&atilde;o dos servi&ccedil;os, sem a devida repara&ccedil;&atilde;o dos consumidores e penaliza&ccedil;&atilde;o da empresa. <\/p>\n<p><span class=\"padrao\">A associa&ccedil;&atilde;o tamb&eacute;m acha reprov&aacute;vel e ilegal a Anatel, at&eacute; agora, n&atilde;o ter informado as raz&otilde;es que levaram aos quatro apag&otilde;es ocorridos em menos de um ano na rede da Telef&ocirc;nica.&nbsp; <br \/><\/span><\/p>\n","protected":false},"excerpt":{"rendered":"<p>A Pro Teste impetrar&aacute; a&ccedil;&atilde;o civil p&uacute;blica na pr&oacute;xima semana contra a Telef&ocirc;nica, para que seja descontado o valor da assinatura b&aacute;sica da telefonia fixa (R$ 39,97) na pr&oacute;xima fatura, como forma de ressarcir os danos causados a 12 milh&otilde;es de usu&aacute;rios do Estado de S&atilde;o Paulo que tiveram preju&iacute;zos com a interrup&ccedil;&atilde;o dos servi&ccedil;os &hellip; <a href=\"https:\/\/obscom.intervozes.org.br\/?p=22913\" class=\"more-link\">Continue lendo <span class=\"screen-reader-text\">Pro Teste quer isen\u00e7\u00e3o de fatura de usu\u00e1rios ap\u00f3s pane<\/span> <span class=\"meta-nav\">&rarr;<\/span><\/a><\/p>\n","protected":false},"author":1,"featured_media":0,"comment_status":"open","ping_status":"open","sticky":false,"template":"","format":"standard","meta":{"footnotes":""},"categories":[40],"tags":[1038],"_links":{"self":[{"href":"https:\/\/obscom.intervozes.org.br\/index.php?rest_route=\/wp\/v2\/posts\/22913"}],"collection":[{"href":"https:\/\/obscom.intervozes.org.br\/index.php?rest_route=\/wp\/v2\/posts"}],"about":[{"href":"https:\/\/obscom.intervozes.org.br\/index.php?rest_route=\/wp\/v2\/types\/post"}],"author":[{"embeddable":true,"href":"https:\/\/obscom.intervozes.org.br\/index.php?rest_route=\/wp\/v2\/users\/1"}],"replies":[{"embeddable":true,"href":"https:\/\/obscom.intervozes.org.br\/index.php?rest_route=%2Fwp%2Fv2%2Fcomments&post=22913"}],"version-history":[{"count":0,"href":"https:\/\/obscom.intervozes.org.br\/index.php?rest_route=\/wp\/v2\/posts\/22913\/revisions"}],"wp:attachment":[{"href":"https:\/\/obscom.intervozes.org.br\/index.php?rest_route=%2Fwp%2Fv2%2Fmedia&parent=22913"}],"wp:term":[{"taxonomy":"category","embeddable":true,"href":"https:\/\/obscom.intervozes.org.br\/index.php?rest_route=%2Fwp%2Fv2%2Fcategories&post=22913"},{"taxonomy":"post_tag","embeddable":true,"href":"https:\/\/obscom.intervozes.org.br\/index.php?rest_route=%2Fwp%2Fv2%2Ftags&post=22913"}],"curies":[{"name":"wp","href":"https:\/\/api.w.org\/{rel}","templated":true}]}}