{"id":22911,"date":"2009-06-12T17:06:26","date_gmt":"2009-06-12T17:06:26","guid":{"rendered":"https:\/\/obscom.intervozes.org.br\/wordpress\/?p=22911"},"modified":"2009-06-12T17:06:26","modified_gmt":"2009-06-12T17:06:26","slug":"conselho-da-tve-rs-busca-aproximacao-com-o-publico","status":"publish","type":"post","link":"https:\/\/obscom.intervozes.org.br\/?p=22911","title":{"rendered":"Conselho da TVE-RS busca aproxima\u00e7\u00e3o com o p\u00fablico"},"content":{"rendered":"\n<p class=\"padrao\">Com o intuito de se aproximar da sociedade, o Conselho Deliberativo da Funda&ccedil;&atilde;o Piratini &ndash; mantenedora da TVE-RS e da FM Cultura &ndash; deu in&iacute;cio a reuni&otilde;es ordin&aacute;rias p&uacute;blicas fora da sede da Funda&ccedil;&atilde;o. O primeiro encontro ocorreu na &uacute;ltima segunda-feira (8) na Sala Maur&iacute;cio Cardoso da Assembl&eacute;ia Legislativa do RS.<\/p>\n<p>De acordo com Pedro Os&oacute;rio, presidente do Conselho, foi abordada no evento a realiza&ccedil;&atilde;o de semin&aacute;rio sobre o papel dos Conselhos Deliberativos e Gestores na administra&ccedil;&atilde;o do Estado. O grupo pretende trazer ao semin&aacute;rio especialistas da &aacute;rea para discutir a import&acirc;ncia dos Conselhos na descentraliza&ccedil;&atilde;o e democratiza&ccedil;&atilde;o da administra&ccedil;&atilde;o governamental. <\/p>\n<p>Tamb&eacute;m foi exposto o encaminhamento &agrave; Procuradoria Especial de Contas do Estado relato sobre as dificuldades em obter com a Funda&ccedil;&atilde;o Piratini informa&ccedil;&otilde;es relativas ao que ocorre na TVE-RS e na FM Cultura.<span class=\"padrao\"><\/p>\n<p>O grupo realizar&aacute; outras reuni&otilde;es no mesmo formato. A pr&oacute;xima acontecer&aacute; no dia 13\/06, &agrave;s 19h, na sede do CPERS Sindicato (Av. Alberto Bins,480 &ndash; Centro), em Porto Alegre. O Conselho &eacute; composto por 25 pessoas &ndash; 6 membros eleitos e 19 representantes de entidades culturais e empresarias do Estado. Seu papel &eacute; guiar o trabalho da Funda&ccedil;&atilde;o Cultural Piratini &ndash; R&aacute;dio e Televis&atilde;o, al&eacute;m de criar diretrizes de programa&ccedil;&atilde;o da TVE e FM Cultura.<\/span><\/p>\n","protected":false},"excerpt":{"rendered":"<p>Com o intuito de se aproximar da sociedade, o Conselho Deliberativo da Funda&ccedil;&atilde;o Piratini &ndash; mantenedora da TVE-RS e da FM Cultura &ndash; deu in&iacute;cio a reuni&otilde;es ordin&aacute;rias p&uacute;blicas fora da sede da Funda&ccedil;&atilde;o. O primeiro encontro ocorreu na &uacute;ltima segunda-feira (8) na Sala Maur&iacute;cio Cardoso da Assembl&eacute;ia Legislativa do RS. De acordo com Pedro &hellip; <a href=\"https:\/\/obscom.intervozes.org.br\/?p=22911\" class=\"more-link\">Continue lendo <span class=\"screen-reader-text\">Conselho da TVE-RS busca aproxima\u00e7\u00e3o com o p\u00fablico<\/span> <span class=\"meta-nav\">&rarr;<\/span><\/a><\/p>\n","protected":false},"author":1,"featured_media":0,"comment_status":"open","ping_status":"open","sticky":false,"template":"","format":"standard","meta":{"footnotes":""},"categories":[40],"tags":[259],"_links":{"self":[{"href":"https:\/\/obscom.intervozes.org.br\/index.php?rest_route=\/wp\/v2\/posts\/22911"}],"collection":[{"href":"https:\/\/obscom.intervozes.org.br\/index.php?rest_route=\/wp\/v2\/posts"}],"about":[{"href":"https:\/\/obscom.intervozes.org.br\/index.php?rest_route=\/wp\/v2\/types\/post"}],"author":[{"embeddable":true,"href":"https:\/\/obscom.intervozes.org.br\/index.php?rest_route=\/wp\/v2\/users\/1"}],"replies":[{"embeddable":true,"href":"https:\/\/obscom.intervozes.org.br\/index.php?rest_route=%2Fwp%2Fv2%2Fcomments&post=22911"}],"version-history":[{"count":0,"href":"https:\/\/obscom.intervozes.org.br\/index.php?rest_route=\/wp\/v2\/posts\/22911\/revisions"}],"wp:attachment":[{"href":"https:\/\/obscom.intervozes.org.br\/index.php?rest_route=%2Fwp%2Fv2%2Fmedia&parent=22911"}],"wp:term":[{"taxonomy":"category","embeddable":true,"href":"https:\/\/obscom.intervozes.org.br\/index.php?rest_route=%2Fwp%2Fv2%2Fcategories&post=22911"},{"taxonomy":"post_tag","embeddable":true,"href":"https:\/\/obscom.intervozes.org.br\/index.php?rest_route=%2Fwp%2Fv2%2Ftags&post=22911"}],"curies":[{"name":"wp","href":"https:\/\/api.w.org\/{rel}","templated":true}]}}