{"id":22903,"date":"2009-06-09T15:48:39","date_gmt":"2009-06-09T15:48:39","guid":{"rendered":"https:\/\/obscom.intervozes.org.br\/wordpress\/?p=22903"},"modified":"2009-06-09T15:48:39","modified_gmt":"2009-06-09T15:48:39","slug":"tcu-critica-fragilidade-nas-sancoes-impostas-as-teles","status":"publish","type":"post","link":"https:\/\/obscom.intervozes.org.br\/?p=22903","title":{"rendered":"TCU critica fragilidade nas san\u00e7\u00f5es impostas \u00e0s teles"},"content":{"rendered":"<p><span class=\"padrao\">O &#39;inferno astral&#39; da Anatel n&atilde;o parece perto de terminar. Depois de a ag&ecirc;ncia e o seu presidente, Ronaldo Sardenberg, terem sido duramente criticados pelo procurador do Minist&eacute;rio P&uacute;blico Federal da Para&iacute;ba, Duciran Farina, que entre outras coisas, afirmou que a Anatel &#39;retrocedeu 10 anos na gest&atilde;o Sardenberg&quot;, agora, chegou a vez de o &oacute;rg&atilde;o sofrer duras cr&iacute;ticas por parte do Tribunal de Contas da Uni&atilde;o.<\/p>\n<p>O TCU n&atilde;o poupou a atua&ccedil;&atilde;o da Anatel durante a apresenta&ccedil;&atilde;o dos resultados de fiscaliza&ccedil;&otilde;es realizadas pelo &oacute;rg&atilde;o na &aacute;rea de telecomunica&ccedil;&otilde;es. Os representantes da Secretaria de Fiscaliza&ccedil;&atilde;o de Desestatiza&ccedil;&atilde;o (Sefid), o diretor Marcelo Barros da Cunha e o analista de controle externo Paulo Sisnando Rodrigues de Ara&uacute;jo, expuseram os resultados de duas auditorias,em reuni&otilde;es com parlamentares da Comiss&atilde;o de Defesa do Consumidor, da C&acirc;mara. Em todas, a Anatel tem o seu trabalho questionado duramente.<\/p>\n<p>A primeira delas foi sobre a aplica&ccedil;&atilde;o dos recursos do Fundo de Universaliza&ccedil;&atilde;o dos Servi&ccedil;os de Telecomunica&ccedil;&otilde;es (Fust), que acumula cerca de R$ 7 bilh&otilde;es n&atilde;o aplicados &#8211; contigenciados para o super&aacute;vit das contas do governo, o diretor Marcelo Cunha disse que o Tribunal atuou em quatro quest&otilde;es principais.<\/p>\n<p>Foram elas: A exist&ecirc;ncia ou n&atilde;o de pol&iacute;ticas p&uacute;blicas do Minist&eacute;rio das Comunica&ccedil;&otilde;es para orientar a aplica&ccedil;&atilde;o de recursos do Fundo, a defini&ccedil;&atilde;o dos projetos que podem ser financiados pelo Fust, os problemas na formula&ccedil;&atilde;o do Servi&ccedil;o de Comunica&ccedil;&otilde;es Digitais (SCD) e a eventual altera&ccedil;&atilde;o da legisla&ccedil;&atilde;o que regulamenta a utiliza&ccedil;&atilde;o do Fundo. <\/p>\n<p>&quot;N&oacute;s constatamos que entre os principais problemas para a aplica&ccedil;&atilde;o do fundo est&atilde;o a falta de pol&iacute;ticas p&uacute;blicas que orientem os investimentos, a falta de intera&ccedil;&atilde;o entre os minist&eacute;rios que mant&ecirc;m projetos na &aacute;rea de telecomunica&ccedil;&otilde;es e as dificuldades de atua&ccedil;&atilde;o da Anatel&quot;, sentenciou. <\/p>\n<p>A outra auditoria foi sobre a atua&ccedil;&atilde;o da Ag&ecirc;ncia Nacional de Telecomunica&ccedil;&otilde;es (Anatel) no acompanhamento da qualidade da presta&ccedil;&atilde;o dos servi&ccedil;os de telecomunica&ccedil;&otilde;es. Nesta auditoria, a apura&ccedil;&atilde;o, revelou Paulo Ara&uacute;jo, do TCU, constatou que h&aacute; defasagem na regulamenta&ccedil;&atilde;o da qualidade sob a perspectiva do usu&aacute;rio; existe uma fragilidade nos processos de fiscaliza&ccedil;&atilde;o desenvolvidos pela Ag&ecirc;ncia; assim como n&atilde;o &eacute; prioridade a ado&ccedil;&atilde;o de uma pol&iacute;tica de educa&ccedil;&atilde;o dos usu&aacute;rios. <\/p>\n<p>O levantamento tamb&eacute;m critica a falta de efetividade das san&ccedil;&otilde;es impostas &agrave;s prestadoras de servi&ccedil;os foram alguns dos problemas encontrados. &quot;Para algumas empresas, pode ser mais vantajoso pagar as multas aplicadas pela Anatel que investir na melhoria da qualidade dos servi&ccedil;os&quot;, atestou Ara&uacute;jo. <\/p>\n<p>Os resultados das auditorias do TCU foram divulgadas em duas reuni&otilde;es realizadas com membros da Comiss&atilde;o de Defesa do Consumidor da C&acirc;mara: uma com a presidente da Comiss&atilde;o, deputada Ana Arraes (PSB-PE), e outra, com o deputado J&uacute;lio Delgado (PSB-MG), tamb&eacute;m membro da CDC, no &uacute;ltimo dia 27 de maio.<\/p>\n<p><em>*Com informa&ccedil;&otilde;es do TCU<\/em><\/span><\/p>\n","protected":false},"excerpt":{"rendered":"<p>O &#39;inferno astral&#39; da Anatel n&atilde;o parece perto de terminar. Depois de a ag&ecirc;ncia e o seu presidente, Ronaldo Sardenberg, terem sido duramente criticados pelo procurador do Minist&eacute;rio P&uacute;blico Federal da Para&iacute;ba, Duciran Farina, que entre outras coisas, afirmou que a Anatel &#39;retrocedeu 10 anos na gest&atilde;o Sardenberg&quot;, agora, chegou a vez de o &oacute;rg&atilde;o &hellip; <a href=\"https:\/\/obscom.intervozes.org.br\/?p=22903\" class=\"more-link\">Continue lendo <span class=\"screen-reader-text\">TCU critica fragilidade nas san\u00e7\u00f5es impostas \u00e0s teles<\/span> <span class=\"meta-nav\">&rarr;<\/span><\/a><\/p>\n","protected":false},"author":1,"featured_media":0,"comment_status":"open","ping_status":"open","sticky":false,"template":"","format":"standard","meta":{"footnotes":""},"categories":[40],"tags":[152],"_links":{"self":[{"href":"https:\/\/obscom.intervozes.org.br\/index.php?rest_route=\/wp\/v2\/posts\/22903"}],"collection":[{"href":"https:\/\/obscom.intervozes.org.br\/index.php?rest_route=\/wp\/v2\/posts"}],"about":[{"href":"https:\/\/obscom.intervozes.org.br\/index.php?rest_route=\/wp\/v2\/types\/post"}],"author":[{"embeddable":true,"href":"https:\/\/obscom.intervozes.org.br\/index.php?rest_route=\/wp\/v2\/users\/1"}],"replies":[{"embeddable":true,"href":"https:\/\/obscom.intervozes.org.br\/index.php?rest_route=%2Fwp%2Fv2%2Fcomments&post=22903"}],"version-history":[{"count":0,"href":"https:\/\/obscom.intervozes.org.br\/index.php?rest_route=\/wp\/v2\/posts\/22903\/revisions"}],"wp:attachment":[{"href":"https:\/\/obscom.intervozes.org.br\/index.php?rest_route=%2Fwp%2Fv2%2Fmedia&parent=22903"}],"wp:term":[{"taxonomy":"category","embeddable":true,"href":"https:\/\/obscom.intervozes.org.br\/index.php?rest_route=%2Fwp%2Fv2%2Fcategories&post=22903"},{"taxonomy":"post_tag","embeddable":true,"href":"https:\/\/obscom.intervozes.org.br\/index.php?rest_route=%2Fwp%2Fv2%2Ftags&post=22903"}],"curies":[{"name":"wp","href":"https:\/\/api.w.org\/{rel}","templated":true}]}}