{"id":22897,"date":"2009-06-08T14:49:56","date_gmt":"2009-06-08T14:49:56","guid":{"rendered":"https:\/\/obscom.intervozes.org.br\/wordpress\/?p=22897"},"modified":"2009-06-08T14:49:56","modified_gmt":"2009-06-08T14:49:56","slug":"tv-brasil-apresenta-nova-estrategia-de-programacao","status":"publish","type":"post","link":"https:\/\/obscom.intervozes.org.br\/?p=22897","title":{"rendered":"TV Brasil apresenta nova estrat\u00e9gia de programa\u00e7\u00e3o"},"content":{"rendered":"<p><span class=\"padrao\">Rec&eacute;m-empossado como superintendente de programa&ccedil;&atilde;o da TV Brasil, o jornalista e publicit&aacute;rio Roberto Faustino apresentou no 10 Forum Brasil &#8211; Mercado Internacional de TV nesta quarta, 3, as estrat&eacute;gias do canal em rela&ccedil;&atilde;o &agrave; programa&ccedil;&atilde;o. Entre os objetivos, est&atilde;o a revela&ccedil;&atilde;o de talentos, o privil&eacute;gio &agrave; produ&ccedil;&atilde;o independente e o desenvolvimento de conte&uacute;dos regionais. Apesar de seu car&aacute;ter p&uacute;blico, a TV n&atilde;o deixa de almejar a competitividade e de disputar audi&ecirc;ncia, informou Faustino. <\/p>\n<p>Parte da programa&ccedil;&atilde;o &eacute; produzida internamente, j&aacute; que a TV Brasil herdou todo o parque de equipamentos e a infraestrutura da TVE Rio. Mas pretende investir bastante na coprodu&ccedil;&atilde;o, em modelos similares aos da TV aberta. &ldquo;Entramos com recursos ou ativos e nos tornamos copropriet&aacute;rios dos direitos&rdquo;, explicou. <\/p>\n<p>A TV Brasil deve lan&ccedil;ar em breve um pitching de programa&ccedil;&atilde;o mas, segundo Faustino, n&atilde;o ser&aacute; aberto, mas sob demanda, ou seja, seguindo as necessidades de programa&ccedil;&atilde;o do canal. Programas sobre meio ambiente, para uma nova faixa rec&eacute;m-criada, e fic&ccedil;&atilde;o para jovens considerados importantes no momento.<\/p>\n<p>Em rela&ccedil;&atilde;o ao licenciamento, a TV Brasil vai implantar um sistema de inscri&ccedil;&atilde;o pelo site. Durante um certo per&iacute;odo, o site far&aacute; uma chamada p&uacute;blica para programas com as caracter&iacute;sticas desejadas naquele momento. Depois a janela se fecha, anunciando a pr&oacute;xima abertura. A inten&ccedil;&atilde;o &eacute; abrir o processo quatro vezes por ano. <\/p>\n<p>Outra possibilidade levantada &eacute; a de aquisi&ccedil;&atilde;o de formatos estrangeiros para produ&ccedil;&atilde;o no Brasil, especialmente voltados para o p&uacute;blico infanto-juvenil. Por n&atilde;o ter intervalos comerciais, os microprogramas e p&iacute;lulas para os intervalos tamb&eacute;m s&atilde;o bem-vindos.<\/span><\/p>\n","protected":false},"excerpt":{"rendered":"<p>Rec&eacute;m-empossado como superintendente de programa&ccedil;&atilde;o da TV Brasil, o jornalista e publicit&aacute;rio Roberto Faustino apresentou no 10 Forum Brasil &#8211; Mercado Internacional de TV nesta quarta, 3, as estrat&eacute;gias do canal em rela&ccedil;&atilde;o &agrave; programa&ccedil;&atilde;o. Entre os objetivos, est&atilde;o a revela&ccedil;&atilde;o de talentos, o privil&eacute;gio &agrave; produ&ccedil;&atilde;o independente e o desenvolvimento de conte&uacute;dos regionais. Apesar &hellip; <a href=\"https:\/\/obscom.intervozes.org.br\/?p=22897\" class=\"more-link\">Continue lendo <span class=\"screen-reader-text\">TV Brasil apresenta nova estrat\u00e9gia de programa\u00e7\u00e3o<\/span> <span class=\"meta-nav\">&rarr;<\/span><\/a><\/p>\n","protected":false},"author":1,"featured_media":0,"comment_status":"open","ping_status":"open","sticky":false,"template":"","format":"standard","meta":{"footnotes":""},"categories":[40],"tags":[373],"_links":{"self":[{"href":"https:\/\/obscom.intervozes.org.br\/index.php?rest_route=\/wp\/v2\/posts\/22897"}],"collection":[{"href":"https:\/\/obscom.intervozes.org.br\/index.php?rest_route=\/wp\/v2\/posts"}],"about":[{"href":"https:\/\/obscom.intervozes.org.br\/index.php?rest_route=\/wp\/v2\/types\/post"}],"author":[{"embeddable":true,"href":"https:\/\/obscom.intervozes.org.br\/index.php?rest_route=\/wp\/v2\/users\/1"}],"replies":[{"embeddable":true,"href":"https:\/\/obscom.intervozes.org.br\/index.php?rest_route=%2Fwp%2Fv2%2Fcomments&post=22897"}],"version-history":[{"count":0,"href":"https:\/\/obscom.intervozes.org.br\/index.php?rest_route=\/wp\/v2\/posts\/22897\/revisions"}],"wp:attachment":[{"href":"https:\/\/obscom.intervozes.org.br\/index.php?rest_route=%2Fwp%2Fv2%2Fmedia&parent=22897"}],"wp:term":[{"taxonomy":"category","embeddable":true,"href":"https:\/\/obscom.intervozes.org.br\/index.php?rest_route=%2Fwp%2Fv2%2Fcategories&post=22897"},{"taxonomy":"post_tag","embeddable":true,"href":"https:\/\/obscom.intervozes.org.br\/index.php?rest_route=%2Fwp%2Fv2%2Ftags&post=22897"}],"curies":[{"name":"wp","href":"https:\/\/api.w.org\/{rel}","templated":true}]}}