{"id":22894,"date":"2009-06-08T14:32:50","date_gmt":"2009-06-08T14:32:50","guid":{"rendered":"https:\/\/obscom.intervozes.org.br\/wordpress\/?p=22894"},"modified":"2009-06-08T14:32:50","modified_gmt":"2009-06-08T14:32:50","slug":"justica-venezuelana-indicia-dono-da-tv-globovision-por-especulacao","status":"publish","type":"post","link":"https:\/\/obscom.intervozes.org.br\/?p=22894","title":{"rendered":"Justi\u00e7a venezuelana indicia dono da TV Globovisi\u00f3n por especula\u00e7\u00e3o"},"content":{"rendered":"\n<p class=\"padrao\"><u><strong>Reproduzido do Portal Imprensa<\/strong><\/u><\/p>\n<p>O Minist&eacute;rio P&uacute;blico da Venezuela deu in&iacute;cio, na &uacute;ltima quinta-feira (4), ao processo de indiciamento do propriet&aacute;rio do canal de TV Globovisi&oacute;n, Guillermo Zuloaga, sob a alega&ccedil;&atilde;o de &quot;usura gen&eacute;rica&quot;. Autoridades suspeitam que o empres&aacute;rio possa ter ocultado ve&iacute;culos de uma concession&aacute;ria para realizar especula&ccedil;&atilde;o de pre&ccedil;os. Em defesa, Zuloaga critica o presidente Hugo Ch&aacute;vez e classifica o incidente como uma forma do governo tentar reprimir a oposi&ccedil;&atilde;o.<\/p>\n<p>&quot;Que o governo saiba muito bem que calar ou fechar meios de comunica&ccedil;&atilde;o n&atilde;o &eacute; uma maneira de esconder a realidade&quot;, disse, ap&oacute;s o in&iacute;cio do processo.No dia 21 de maio deste ano, agentes oficiais do governo Ch&aacute;vez encontraram mais de 24 ve&iacute;culos importados na resid&ecirc;ncia de Zulloaga. Os autom&oacute;veis, segundo as autoridades, pertenceriam a uma concession&aacute;ria do empres&aacute;rio, o que validaria a suspeita de especula&ccedil;&atilde;o.<\/p>\n<p>Guillermo Zuloaga &eacute; o homem forte &agrave; frente da Globovisi&oacute;n, emissora de oposi&ccedil;&atilde;o a Hugo Ch&aacute;vez. Caso a Justi&ccedil;a d&ecirc; parecer favor&aacute;vel ao governo e acate a alega&ccedil;&atilde;o, o empres&aacute;rio pode ser condenado a at&eacute; tr&ecirc;s anos de pris&atilde;o.<\/p>\n","protected":false},"excerpt":{"rendered":"<p>Reproduzido do Portal Imprensa O Minist&eacute;rio P&uacute;blico da Venezuela deu in&iacute;cio, na &uacute;ltima quinta-feira (4), ao processo de indiciamento do propriet&aacute;rio do canal de TV Globovisi&oacute;n, Guillermo Zuloaga, sob a alega&ccedil;&atilde;o de &quot;usura gen&eacute;rica&quot;. Autoridades suspeitam que o empres&aacute;rio possa ter ocultado ve&iacute;culos de uma concession&aacute;ria para realizar especula&ccedil;&atilde;o de pre&ccedil;os. Em defesa, Zuloaga critica &hellip; <a href=\"https:\/\/obscom.intervozes.org.br\/?p=22894\" class=\"more-link\">Continue lendo <span class=\"screen-reader-text\">Justi\u00e7a venezuelana indicia dono da TV Globovisi\u00f3n por especula\u00e7\u00e3o<\/span> <span class=\"meta-nav\">&rarr;<\/span><\/a><\/p>\n","protected":false},"author":1,"featured_media":0,"comment_status":"open","ping_status":"open","sticky":false,"template":"","format":"standard","meta":{"footnotes":""},"categories":[39],"tags":[],"_links":{"self":[{"href":"https:\/\/obscom.intervozes.org.br\/index.php?rest_route=\/wp\/v2\/posts\/22894"}],"collection":[{"href":"https:\/\/obscom.intervozes.org.br\/index.php?rest_route=\/wp\/v2\/posts"}],"about":[{"href":"https:\/\/obscom.intervozes.org.br\/index.php?rest_route=\/wp\/v2\/types\/post"}],"author":[{"embeddable":true,"href":"https:\/\/obscom.intervozes.org.br\/index.php?rest_route=\/wp\/v2\/users\/1"}],"replies":[{"embeddable":true,"href":"https:\/\/obscom.intervozes.org.br\/index.php?rest_route=%2Fwp%2Fv2%2Fcomments&post=22894"}],"version-history":[{"count":0,"href":"https:\/\/obscom.intervozes.org.br\/index.php?rest_route=\/wp\/v2\/posts\/22894\/revisions"}],"wp:attachment":[{"href":"https:\/\/obscom.intervozes.org.br\/index.php?rest_route=%2Fwp%2Fv2%2Fmedia&parent=22894"}],"wp:term":[{"taxonomy":"category","embeddable":true,"href":"https:\/\/obscom.intervozes.org.br\/index.php?rest_route=%2Fwp%2Fv2%2Fcategories&post=22894"},{"taxonomy":"post_tag","embeddable":true,"href":"https:\/\/obscom.intervozes.org.br\/index.php?rest_route=%2Fwp%2Fv2%2Ftags&post=22894"}],"curies":[{"name":"wp","href":"https:\/\/api.w.org\/{rel}","templated":true}]}}