{"id":22891,"date":"2009-06-08T14:17:15","date_gmt":"2009-06-08T14:17:15","guid":{"rendered":"https:\/\/obscom.intervozes.org.br\/wordpress\/?p=22891"},"modified":"2009-06-08T14:17:15","modified_gmt":"2009-06-08T14:17:15","slug":"reativacao-da-telebras-vira-assunto-proibido-no-governo","status":"publish","type":"post","link":"https:\/\/obscom.intervozes.org.br\/?p=22891","title":{"rendered":"Reativa\u00e7\u00e3o da Telebr\u00e1s vira assunto proibido no governo"},"content":{"rendered":"\n<p class=\"padrao\">Quanto mais o projeto de reativar a Telebr&aacute;s avan&ccedil;a, menos informa&ccedil;&otilde;es circulam sobre os planos do governo. No m&ecirc;s passado, a Casa Civil encaminhou &agrave; Anatel um pedido de 50 funcion&aacute;rios (sendo 15 engenheiros) que devem ser devolvidos &agrave; estatal para que ela possa reiniciar suas atividades no setor. A ideia &eacute; concluir a transfer&ecirc;ncia em dois meses. Mas o fato de o projeto estar pr&oacute;ximo de um &quot;pontap&eacute; inicial&quot; concreto fez com que a c&uacute;pula respons&aacute;vel pelo assunto se calasse.<\/p>\n<p>O tema tornou-se praticamente proibido. &quot;N&atilde;o posso responder sobre isso porque h&aacute; uma recomenda&ccedil;&atilde;o de reserva neste assunto&quot;, esquivou-se Rog&eacute;rio Santanna, secret&aacute;rio de log&iacute;stica e tecnologia da informa&ccedil;&atilde;o do Minist&eacute;rio do Planejamento. Santanna &eacute; tido como o &quot;pai&quot; do projeto e apontado nos balc&otilde;es de aposta do setor como o futuro presidente da estatal reativada. A reserva se d&aacute; por dois motivos: um pedido claro do governo para que o assunto seja tratado com discri&ccedil;&atilde;o e a preocupa&ccedil;&atilde;o de que a veicula&ccedil;&atilde;o de informa&ccedil;&otilde;es mexa com as a&ccedil;&otilde;es da Telebr&aacute;s, como ocorreu no passado.<\/p>\n<p>O assunto que Santanna disse n&atilde;o poder responder tem, de fato, potencial explosivo. Fontes deste notici&aacute;rio contam que o governo teria encontrado um &quot;plano B&quot; para reativar a Telebr&aacute;s sem ter que esperar a solu&ccedil;&atilde;o do contencioso da Eletronet. O uso da rede de fibras que comp&otilde;e a Eletronet aguarda a execu&ccedil;&atilde;o de uma decis&atilde;o tomada pela Justi&ccedil;a no ano passado, em que a Telebr&aacute;s passaria a ser a respons&aacute;vel pela infraestrutura enquanto a disputa entre os acionistas &eacute; resolvida.<\/p>\n<p>A nova alternativa que est&aacute; sendo estudada pelo governo &eacute; o uso das redes da Petrobras e de Furnas. Ambas as estatais possuem uma malha consider&aacute;vel de fibras &oacute;pticas para seu pr&oacute;prio uso, como teleprote&ccedil;&atilde;o de linhas (no caso de Furnas) e transmiss&atilde;o interna de dados (no caso da Petrobras). No setor el&eacute;trico, as fibras comp&otilde;em os cabos para-raios nas redes de alta tens&atilde;o. J&aacute; no caso da Petrobras, &eacute; comum usar a faixa de servid&atilde;o dos oleodutos e gasodutos. Ao ser questionado se acordos est&atilde;o sendo negociados entre a Telebr&aacute;s e as outras duas estatais, Rog&eacute;rio Santanna desconversa: &quot;n&atilde;o confirmo nem desminto&quot;.<span class=\"padrao\"><\/p>\n<p>Mesmo a devolu&ccedil;&atilde;o de funcion&aacute;rios &eacute; tratada com sigilo pelos envolvidos, direta ou indiretamente, no projeto. O presidente da Telebr&aacute;s, Jorge da Motta e Silva, diz que s&oacute; tem conhecimento da movimenta&ccedil;&atilde;o da Casa Civil pela imprensa, mas confessa que n&atilde;o participa diretamente das negocia&ccedil;&otilde;es para a reativa&ccedil;&atilde;o da empresa. Novamente, o argumento para n&atilde;o comentar o assunto foi o temor de que as a&ccedil;&otilde;es da estatal voltem a ser objeto de especula&ccedil;&atilde;o na bolsa de valores. <\/p>\n<p>&quot;Essa quest&atilde;o &eacute; delicada. Como al&eacute;m de presidente, sou diretor de rela&ccedil;&otilde;es com investidores da Telebr&aacute;s, tudo o que eu falar necessariamente tem reflexo no mercado&quot;, declarou. Apesar do sil&ecirc;ncio da estatal, fontes pr&oacute;ximas dos arquitetos do projeto asseguram que a realoca&ccedil;&atilde;o dos 50 funcion&aacute;rios est&aacute; em pleno andamento.&nbsp; <br \/><\/span><\/p>\n","protected":false},"excerpt":{"rendered":"<p>Quanto mais o projeto de reativar a Telebr&aacute;s avan&ccedil;a, menos informa&ccedil;&otilde;es circulam sobre os planos do governo. No m&ecirc;s passado, a Casa Civil encaminhou &agrave; Anatel um pedido de 50 funcion&aacute;rios (sendo 15 engenheiros) que devem ser devolvidos &agrave; estatal para que ela possa reiniciar suas atividades no setor. A ideia &eacute; concluir a transfer&ecirc;ncia &hellip; <a href=\"https:\/\/obscom.intervozes.org.br\/?p=22891\" class=\"more-link\">Continue lendo <span class=\"screen-reader-text\">Reativa\u00e7\u00e3o da Telebr\u00e1s vira assunto proibido no governo<\/span> <span class=\"meta-nav\">&rarr;<\/span><\/a><\/p>\n","protected":false},"author":1,"featured_media":0,"comment_status":"open","ping_status":"open","sticky":false,"template":"","format":"standard","meta":{"footnotes":""},"categories":[40],"tags":[731],"_links":{"self":[{"href":"https:\/\/obscom.intervozes.org.br\/index.php?rest_route=\/wp\/v2\/posts\/22891"}],"collection":[{"href":"https:\/\/obscom.intervozes.org.br\/index.php?rest_route=\/wp\/v2\/posts"}],"about":[{"href":"https:\/\/obscom.intervozes.org.br\/index.php?rest_route=\/wp\/v2\/types\/post"}],"author":[{"embeddable":true,"href":"https:\/\/obscom.intervozes.org.br\/index.php?rest_route=\/wp\/v2\/users\/1"}],"replies":[{"embeddable":true,"href":"https:\/\/obscom.intervozes.org.br\/index.php?rest_route=%2Fwp%2Fv2%2Fcomments&post=22891"}],"version-history":[{"count":0,"href":"https:\/\/obscom.intervozes.org.br\/index.php?rest_route=\/wp\/v2\/posts\/22891\/revisions"}],"wp:attachment":[{"href":"https:\/\/obscom.intervozes.org.br\/index.php?rest_route=%2Fwp%2Fv2%2Fmedia&parent=22891"}],"wp:term":[{"taxonomy":"category","embeddable":true,"href":"https:\/\/obscom.intervozes.org.br\/index.php?rest_route=%2Fwp%2Fv2%2Fcategories&post=22891"},{"taxonomy":"post_tag","embeddable":true,"href":"https:\/\/obscom.intervozes.org.br\/index.php?rest_route=%2Fwp%2Fv2%2Ftags&post=22891"}],"curies":[{"name":"wp","href":"https:\/\/api.w.org\/{rel}","templated":true}]}}