{"id":22888,"date":"2009-06-05T15:17:33","date_gmt":"2009-06-05T15:17:33","guid":{"rendered":"https:\/\/obscom.intervozes.org.br\/wordpress\/?p=22888"},"modified":"2009-06-05T15:17:33","modified_gmt":"2009-06-05T15:17:33","slug":"comissao-organizadora-nacional-inicia-trabalhos","status":"publish","type":"post","link":"https:\/\/obscom.intervozes.org.br\/?p=22888","title":{"rendered":"Comiss\u00e3o Organizadora Nacional inicia trabalhos"},"content":{"rendered":"<p> \t<!-- \t\t@page { margin: 2cm } \t\tP { margin-bottom: 0.21cm } \t--> \t                                  <\/p>\n<p class=\"padrao\">Na &uacute;ltima segunda-feira (1), ocorreu a primeira reuni&atilde;o da Comiss&atilde;o Organizadora Nacional (CON) da 1a Confer&ecirc;ncia Nacional de Comunica&ccedil;&atilde;o (Confecom). O encontro foi marcado por uma apresenta&ccedil;&atilde;o geral sobre o evento feita pelo Minist&eacute;rio das Comunica&ccedil;&otilde;es, pelo debate sobre o cronograma de trabalho da inst&acirc;ncia e pela divis&atilde;o dos seus membros nas sub-comiss&otilde;es criadas na Portaria que instituiu a Comiss&atilde;o.<\/p>\n<p>H&eacute;lio Costa abriu os trabalhos destacando a import&acirc;ncia hist&oacute;rica da Confer&ecirc;ncia e seu papel de produzir avan&ccedil;os na &aacute;rea em um cen&aacute;rio de mudan&ccedil;as. &ldquo;O objetivo [da Confer&ecirc;ncia] &eacute; modernizar o setor e encontrar caminhos dentro da mobilidade tecnol&oacute;gica e das preocupa&ccedil;&otilde;es sociais para que a comunica&ccedil;&atilde;o seja mais republicana, mais democr&aacute;tica, mais aberta, e que possa utilizar todos os recursos hoje dispon&iacute;veis pelas t&eacute;cnicas desenvolvidas nos &uacute;ltimos anos.&rdquo;<\/p>\n<p>O ministro ressaltou determinados temas que &ldquo;n&atilde;o podem ficar de fora do debate da Confer&ecirc;ncia&rdquo;, entre os quais a defini&ccedil;&atilde;o sobre as regras para a multiprograma&ccedil;&atilde;o na TV Digital e a regula&ccedil;&atilde;o das TVs educativas. E enfatizou a necessidade da Comiss&atilde;o aprovar seu regulamento interno e apresentar o regimento interno da Confer&ecirc;ncia &ldquo;o mais r&aacute;pido poss&iacute;vel&rdquo;.<\/p>\n<p>O Consultor Jur&iacute;dico do Minist&eacute;rio, Marcelo Bechara, refor&ccedil;ou que a falta de tempo &eacute; um dos principais desafios na organiza&ccedil;&atilde;o do processo. &ldquo;Estamos no inicio de junho. A etapa nacional acontece em dezembro, mas &eacute; s&oacute; a nacional, ela &eacute; s&oacute; a cereja do bolo das etapas que se iniciam ou deveriam ter se iniciado&rdquo;, afirmou.<\/p>\n<p>O processo s&oacute; ser&aacute; disparado de fato a partir da finaliza&ccedil;&atilde;o do regimento interno da Confer&ecirc;ncia. Ele conter&aacute; as regras sobre a organiza&ccedil;&atilde;o do processo, o papel de cada etapa, o fluxo das discuss&otilde;es e os m&eacute;todos de elei&ccedil;&atilde;o de delegados. A Comiss&atilde;o ter&aacute; 30 dias para concluir o documento. Para isso, ter&aacute; apenas dois encontros, o primeiro no dia 19 de junho e o segundo no in&iacute;cio do m&ecirc;s de julho.<\/p>\n<p><strong>Sub-comiss&otilde;es<br \/><\/strong><br \/>O trabalho de elabora&ccedil;&atilde;o da primeira proposta do regimento ser&aacute; feito pela sub-comiss&atilde;o de metodologia e sistematiza&ccedil;&atilde;o, uma das tr&ecirc;s sub-comiss&otilde;es previstas na Portaria que instituiu a CON. Ela ter&aacute; a responsabilidade de n&atilde;o apenas discutir o documento, que conter&aacute; as regras do processo, como aprovar normas suplementares e coordenar o processo de sistematiza&ccedil;&atilde;o das propostas aprovadas nas etapas preparat&oacute;rias e estaduais.<\/p>\n<p>Esta import&acirc;ncia fez com que o grupo fosse integrado por quase todos os membros da Comiss&atilde;o Organizadora. Apesar dos apelos de Marcelo Bechara para que os integrantes da CON tamb&eacute;m entrassem nas outras duas sub-comiss&otilde;es, infra-estrutura e log&iacute;stica e divulga&ccedil;&atilde;o, todos os representantes do empresariado e do governo e boa parte dos ligados a entidades da sociedade civil n&atilde;o empresarial e movimentos sociais manifestaram desejo de integrar a sub-comiss&atilde;o de metodologia.<\/p>\n<p>Apenas a Associa&ccedil;&atilde;o Brasileira de Radiodifus&atilde;o Comunit&aacute;ria (Abra&ccedil;o), a Associa&ccedil;&atilde;o Brasileira de Canais Comunit&aacute;rios (ABCCom) e a Associa&ccedil;&atilde;o Brasileira de Emissoras P&uacute;blicas, Educativas e Culturais (Abepec) indicaram o desejo de ocupar a sub-comiss&atilde;o de divulga&ccedil;&atilde;o. J&aacute; a de infra-estrutura n&atilde;o foi ocupada por nenhum membro. Paulo Miranda, da Abccom, questionou a exist&ecirc;ncia dessa comiss&atilde;o e defendeu que esta tarefa deveria ser executada pelo pr&oacute;prio Minist&eacute;rio das Comunica&ccedil;&otilde;es.<\/p>\n<p><strong>Falta de recursos<br \/><\/strong><br \/>Al&eacute;m da falta de tempo, outro grave obst&aacute;culo &agrave; realiza&ccedil;&atilde;o da Confecom &eacute; a falta de recursos. Conforme noticiado pelo <strong>Observat&oacute;rio do Direito &agrave; Comunica&ccedil;&atilde;o<\/strong>, a partir de um remanejamento de recursos realizado pelo Minist&eacute;rio do Planejamento, o or&ccedil;amento da Confer&ecirc;ncia foi reduzido de R$ 8,2 milh&otilde;es para R$ 1,6 milh&atilde;o. Diante da indigna&ccedil;&atilde;o dos presentes, o pr&oacute;prio consultor jur&iacute;dico do Minicom reconheceu a gravidade da situa&ccedil;&atilde;o. &ldquo;Com este valor, n&atilde;o tem confer&ecirc;ncia.&rdquo;<\/p>\n<p>Bechara informou que a Secretaria-Executiva do minist&eacute;rio est&aacute; em contato com o Minist&eacute;rio do Planejamento para tentar recompor o corte feito nas dota&ccedil;&otilde;es or&ccedil;ament&aacute;rias da pasta. Representantes das entidades da sociedade civil e dos movimentos sociais propuseram que uma delega&ccedil;&atilde;o da CON, juntamente a membros do Minicom, se reunisse com o Planejamento para pressionar pela revis&atilde;o do corte, sugest&atilde;o que foi aprovada pelo pleno da Cmiss&atilde;o.<\/p>\n<p><strong>Lista refeita<\/strong><\/p>\n<p>A primeira reuni&atilde;o da Comiss&atilde;o Organizadora Nacional j&aacute; contou com a altera&ccedil;&atilde;o de sua composi&ccedil;&atilde;o original. A deputada Luiza Erundina (PSB-SP), que havia estranhamente sido indicada como suplente embora fosse o segundo nome da C&acirc;mara e a casa tivesse direito a dois titulares, foi oficializada nessa &uacute;ltima posi&ccedil;&atilde;o.<\/p>\n<p>Marcelo Bechara relatou que a Portaria com os nomes da Comiss&atilde;o Organizadora Nacional trouxe a parlamentar nesta posi&ccedil;&atilde;o pois a equipe do minist&eacute;rio havia se limitado a reproduzir as indica&ccedil;&otilde;es conforme enviado por cada ente. Mas na Portaria 337, publicada na pr&oacute;pria segunda-feira, o minist&eacute;rio alterou este crit&eacute;rio. &ldquo;Como a C&acirc;mara tem dois titulares, atrav&eacute;s da portaria 337 de hoje n&oacute;s fizemos interepreta&ccedil;&atilde;o do of&iacute;cio de que os dois primeiros nomes apresentados seriam titulares e os demais suplentes. Os titulares s&atilde;o Paulo Bornhausen (DEM-SC) e Luiza Erundina (PSB-SP)&rdquo;, comunicou aos presentes.<\/p>\n<p>Ao <strong>Observat&oacute;rio do Direito &agrave; Comunica&ccedil;&atilde;o<\/strong>, Erundina avaliou que a revers&atilde;o da derrubada de seu nome como titular foi resultado da &ldquo;for&ccedil;a dos movimentos sociais&rdquo; envolvidos no processo, especialmente aqueles organizados em torno da Comiss&atilde;o Nacional Pr&oacute;-Confer&ecirc;ncia de Comunica&ccedil;&atilde;o (CNPC).<\/p>\n<p>A deputada estranhou sua indica&ccedil;&atilde;o como suplente, uma vez que &ldquo;se credenciou&rdquo; a participar da Comiss&atilde;o Organizadora por conta de sua atua&ccedil;&atilde;o em defesa da realiza&ccedil;&atilde;o da Confer&ecirc;ncia desde 2007 nas comiss&otilde;es de Ci&ecirc;ncia e Tecnologia, Comunica&ccedil;&atilde;o e Inform&aacute;tica (CCTCI) e de Legisla&ccedil;&atilde;o Participativa (CLP). Mas comemorou a corre&ccedil;&atilde;o de sua indica&ccedil;&atilde;o e afirmou que agora ir&aacute; se empenhar para garantir que a Comiss&atilde;o assegure regras que propiciem a abertura e a participa&ccedil;&atilde;o democr&aacute;tica no processo.<\/p>\n<p>Outra mudan&ccedil;a na Comiss&atilde;o Organizadora envolveu o Minist&eacute;rio da Justi&ccedil;a. A pasta havia indicado como titular o secret&aacute;rio nacional de justi&ccedil;a, Romeu Tuma J&uacute;nior. Conforme apurado pelo <strong>Observat&oacute;rio do Direito &agrave; Comunica&ccedil;&atilde;o<\/strong>, a escolha gerou rea&ccedil;&otilde;es entre entidades da sociedade civil e, principalmente, dentro do PT. Tuma J&uacute;nior &eacute; visto como pr&oacute;ximo ao PMDB e ao empresariado, perfil considerado inadequado para representar um &oacute;rg&atilde;o comandado pelo PT. Em seu lugar, foi indicado como titular o secret&aacute;rio de assuntos legislativos, Pedro Abramovay.<\/p>\n","protected":false},"excerpt":{"rendered":"<p>Na primeira reuni\u00e3o, realizada esta semana em Bras\u00edlia, integrantes da CON se dividiram em sub-comiss\u00f5es, debateram o corte do or\u00e7amento do evento e iniciaram elabora\u00e7ao do regimento interno<\/p>\n","protected":false},"author":1,"featured_media":0,"comment_status":"open","ping_status":"open","sticky":false,"template":"","format":"standard","meta":{"footnotes":""},"categories":[40],"tags":[1012],"_links":{"self":[{"href":"https:\/\/obscom.intervozes.org.br\/index.php?rest_route=\/wp\/v2\/posts\/22888"}],"collection":[{"href":"https:\/\/obscom.intervozes.org.br\/index.php?rest_route=\/wp\/v2\/posts"}],"about":[{"href":"https:\/\/obscom.intervozes.org.br\/index.php?rest_route=\/wp\/v2\/types\/post"}],"author":[{"embeddable":true,"href":"https:\/\/obscom.intervozes.org.br\/index.php?rest_route=\/wp\/v2\/users\/1"}],"replies":[{"embeddable":true,"href":"https:\/\/obscom.intervozes.org.br\/index.php?rest_route=%2Fwp%2Fv2%2Fcomments&post=22888"}],"version-history":[{"count":0,"href":"https:\/\/obscom.intervozes.org.br\/index.php?rest_route=\/wp\/v2\/posts\/22888\/revisions"}],"wp:attachment":[{"href":"https:\/\/obscom.intervozes.org.br\/index.php?rest_route=%2Fwp%2Fv2%2Fmedia&parent=22888"}],"wp:term":[{"taxonomy":"category","embeddable":true,"href":"https:\/\/obscom.intervozes.org.br\/index.php?rest_route=%2Fwp%2Fv2%2Fcategories&post=22888"},{"taxonomy":"post_tag","embeddable":true,"href":"https:\/\/obscom.intervozes.org.br\/index.php?rest_route=%2Fwp%2Fv2%2Ftags&post=22888"}],"curies":[{"name":"wp","href":"https:\/\/api.w.org\/{rel}","templated":true}]}}