{"id":22880,"date":"2009-06-05T00:53:13","date_gmt":"2009-06-05T00:53:13","guid":{"rendered":"https:\/\/obscom.intervozes.org.br\/wordpress\/?p=22880"},"modified":"2009-06-05T00:53:13","modified_gmt":"2009-06-05T00:53:13","slug":"deputados-discutem-no-dia-18-atuacao-do-conselho-de-comunicacao","status":"publish","type":"post","link":"https:\/\/obscom.intervozes.org.br\/?p=22880","title":{"rendered":"Deputados discutem, no dia 18, atua\u00e7\u00e3o do Conselho de Comunica\u00e7\u00e3o"},"content":{"rendered":"<p class=\"padrao\"><u><strong>Reproduzido do PAY-TV<br \/><\/strong><\/u><br \/>Os deputados da Comiss&atilde;o de Ci&ecirc;ncia e Tecnologia, Comunica&ccedil;&atilde;o e Inform&aacute;tica (CCTCI) discutir&atilde;o no dia 18 de junho a atua&ccedil;&atilde;o do Conselho de Comunica&ccedil;&atilde;o Social (CCS), &oacute;rg&atilde;o auxiliar do poder legislativo criado pela Constitui&ccedil;&atilde;o Federal para ser um f&oacute;rum de debate sobre a comunica&ccedil;&atilde;o. Mesmo com a previs&atilde;o constitucional, o CCS est&aacute; sem atividades desde dezembro de 2006 por conta de uma quest&atilde;o burocr&aacute;tica: a presid&ecirc;ncia do Senado Federal, respons&aacute;vel pela nomea&ccedil;&atilde;o dos representantes dos diversos segmentos da sociedade que t&ecirc;m assento no conselho, n&atilde;o encaminhou os nomes dos novos membros.<\/p>\n<p><span class=\"padrao\">Os entraves para a continuidade da atua&ccedil;&atilde;o do CCS ser&atilde;o discutidos na C&acirc;mara dos Deputados gra&ccedil;as a um requerimento da deputada Luiza Erundina (PSB\/SP), aprovado pelos demais membros da CCTCI. Ser&atilde;o convidados para o debate o presidente do Senado Federal, Jos&eacute; Sarney (PMDB\/AP); o senador Flexa Ribeiro (PSDB\/SP), presidente da Comiss&atilde;o de Ci&ecirc;ncia, Tecnologia, Comunica&ccedil;&atilde;o e Inform&aacute;tica do Senado; o coordenador-geral do F&oacute;rum Nacional pela Democratiza&ccedil;&atilde;o da Comunica&ccedil;&atilde;o (FNDC), Celso Schr&ouml;der; o diretor do Coletivo Brasil de Comunica&ccedil;&atilde;o Social (Intervozes), Jonas Valente; e o presidente da Associa&ccedil;&atilde;o Brasileira de Emissoras de R&aacute;dio e Televis&atilde;o (Abert), Daniel Slaviero. <\/span><\/p>\n","protected":false},"excerpt":{"rendered":"<p>Reproduzido do PAY-TVOs deputados da Comiss&atilde;o de Ci&ecirc;ncia e Tecnologia, Comunica&ccedil;&atilde;o e Inform&aacute;tica (CCTCI) discutir&atilde;o no dia 18 de junho a atua&ccedil;&atilde;o do Conselho de Comunica&ccedil;&atilde;o Social (CCS), &oacute;rg&atilde;o auxiliar do poder legislativo criado pela Constitui&ccedil;&atilde;o Federal para ser um f&oacute;rum de debate sobre a comunica&ccedil;&atilde;o. Mesmo com a previs&atilde;o constitucional, o CCS est&aacute; sem &hellip; <a href=\"https:\/\/obscom.intervozes.org.br\/?p=22880\" class=\"more-link\">Continue lendo <span class=\"screen-reader-text\">Deputados discutem, no dia 18, atua\u00e7\u00e3o do Conselho de Comunica\u00e7\u00e3o<\/span> <span class=\"meta-nav\">&rarr;<\/span><\/a><\/p>\n","protected":false},"author":1,"featured_media":0,"comment_status":"open","ping_status":"open","sticky":false,"template":"","format":"standard","meta":{"footnotes":""},"categories":[39],"tags":[],"_links":{"self":[{"href":"https:\/\/obscom.intervozes.org.br\/index.php?rest_route=\/wp\/v2\/posts\/22880"}],"collection":[{"href":"https:\/\/obscom.intervozes.org.br\/index.php?rest_route=\/wp\/v2\/posts"}],"about":[{"href":"https:\/\/obscom.intervozes.org.br\/index.php?rest_route=\/wp\/v2\/types\/post"}],"author":[{"embeddable":true,"href":"https:\/\/obscom.intervozes.org.br\/index.php?rest_route=\/wp\/v2\/users\/1"}],"replies":[{"embeddable":true,"href":"https:\/\/obscom.intervozes.org.br\/index.php?rest_route=%2Fwp%2Fv2%2Fcomments&post=22880"}],"version-history":[{"count":0,"href":"https:\/\/obscom.intervozes.org.br\/index.php?rest_route=\/wp\/v2\/posts\/22880\/revisions"}],"wp:attachment":[{"href":"https:\/\/obscom.intervozes.org.br\/index.php?rest_route=%2Fwp%2Fv2%2Fmedia&parent=22880"}],"wp:term":[{"taxonomy":"category","embeddable":true,"href":"https:\/\/obscom.intervozes.org.br\/index.php?rest_route=%2Fwp%2Fv2%2Fcategories&post=22880"},{"taxonomy":"post_tag","embeddable":true,"href":"https:\/\/obscom.intervozes.org.br\/index.php?rest_route=%2Fwp%2Fv2%2Ftags&post=22880"}],"curies":[{"name":"wp","href":"https:\/\/api.w.org\/{rel}","templated":true}]}}