{"id":22879,"date":"2009-06-05T00:50:39","date_gmt":"2009-06-05T00:50:39","guid":{"rendered":"https:\/\/obscom.intervozes.org.br\/wordpress\/?p=22879"},"modified":"2009-06-05T00:50:39","modified_gmt":"2009-06-05T00:50:39","slug":"ministerio-das-comunicacoes-quer-ampliar-programa-de-telecentros-comunitarios","status":"publish","type":"post","link":"https:\/\/obscom.intervozes.org.br\/?p=22879","title":{"rendered":"Minist\u00e9rio das Comunica\u00e7\u00f5es quer ampliar programa de Telecentros Comunit\u00e1rios"},"content":{"rendered":"<p><span class=\"padrao\"><u><strong>Reproduzido do O Globo Online<\/strong><\/u><\/p>\n<p>Ser&aacute; realizada pelo Minist&eacute;rio das Comunica&ccedil;&otilde;es no pr&oacute;ximo dia 23 audi&ecirc;ncia p&uacute;blica para discutir a licita&ccedil;&atilde;o de 15 mil kits para instala&ccedil;&atilde;o de telecentros. O preg&atilde;o eletr&ocirc;nico para a compra de equipamentos de inform&aacute;tica, audiovisuais e mobili&aacute;rios ser&aacute; realizado com registro de pre&ccedil;os v&aacute;lido por at&eacute; 12 meses. O Minist&eacute;rio pretende comprar cinco mil kits este ano e outros 10 mil em 2010. As sugest&otilde;es apresentadas durante a audi&ecirc;ncia v&atilde;o contribuir para a elabora&ccedil;&atilde;o final do edital, segundo a assessoria do Minist&eacute;rio.<\/p>\n<p>O programa Telecentros Comunit&aacute;rios j&aacute; foi instalado em 5.449 munic&iacute;pios do pa&iacute;s. Com a nova licita&ccedil;&atilde;o, o Minist&eacute;rio das Comunica&ccedil;&otilde;es quer ampliar a abrang&ecirc;ncia do programa que come&ccedil;ou a ser implantado em 2007. O programa inclui a doa&ccedil;&atilde;o e montagem de equipamentos de inform&aacute;tica, seguran&ccedil;a e mobili&aacute;rio; a conex&atilde;o &agrave; internet de alta velocidade; e a capacita&ccedil;&atilde;o de servidores municipais para atuarem como monitores e coordenadores desses espa&ccedil;os p&uacute;blicos.<\/span> <\/p>\n","protected":false},"excerpt":{"rendered":"<p>Reproduzido do O Globo Online Ser&aacute; realizada pelo Minist&eacute;rio das Comunica&ccedil;&otilde;es no pr&oacute;ximo dia 23 audi&ecirc;ncia p&uacute;blica para discutir a licita&ccedil;&atilde;o de 15 mil kits para instala&ccedil;&atilde;o de telecentros. O preg&atilde;o eletr&ocirc;nico para a compra de equipamentos de inform&aacute;tica, audiovisuais e mobili&aacute;rios ser&aacute; realizado com registro de pre&ccedil;os v&aacute;lido por at&eacute; 12 meses. O Minist&eacute;rio &hellip; <a href=\"https:\/\/obscom.intervozes.org.br\/?p=22879\" class=\"more-link\">Continue lendo <span class=\"screen-reader-text\">Minist\u00e9rio das Comunica\u00e7\u00f5es quer ampliar programa de Telecentros Comunit\u00e1rios<\/span> <span class=\"meta-nav\">&rarr;<\/span><\/a><\/p>\n","protected":false},"author":1,"featured_media":0,"comment_status":"open","ping_status":"open","sticky":false,"template":"","format":"standard","meta":{"footnotes":""},"categories":[39],"tags":[],"_links":{"self":[{"href":"https:\/\/obscom.intervozes.org.br\/index.php?rest_route=\/wp\/v2\/posts\/22879"}],"collection":[{"href":"https:\/\/obscom.intervozes.org.br\/index.php?rest_route=\/wp\/v2\/posts"}],"about":[{"href":"https:\/\/obscom.intervozes.org.br\/index.php?rest_route=\/wp\/v2\/types\/post"}],"author":[{"embeddable":true,"href":"https:\/\/obscom.intervozes.org.br\/index.php?rest_route=\/wp\/v2\/users\/1"}],"replies":[{"embeddable":true,"href":"https:\/\/obscom.intervozes.org.br\/index.php?rest_route=%2Fwp%2Fv2%2Fcomments&post=22879"}],"version-history":[{"count":0,"href":"https:\/\/obscom.intervozes.org.br\/index.php?rest_route=\/wp\/v2\/posts\/22879\/revisions"}],"wp:attachment":[{"href":"https:\/\/obscom.intervozes.org.br\/index.php?rest_route=%2Fwp%2Fv2%2Fmedia&parent=22879"}],"wp:term":[{"taxonomy":"category","embeddable":true,"href":"https:\/\/obscom.intervozes.org.br\/index.php?rest_route=%2Fwp%2Fv2%2Fcategories&post=22879"},{"taxonomy":"post_tag","embeddable":true,"href":"https:\/\/obscom.intervozes.org.br\/index.php?rest_route=%2Fwp%2Fv2%2Ftags&post=22879"}],"curies":[{"name":"wp","href":"https:\/\/api.w.org\/{rel}","templated":true}]}}