{"id":22874,"date":"2009-06-04T11:05:58","date_gmt":"2009-06-04T11:05:58","guid":{"rendered":"https:\/\/obscom.intervozes.org.br\/wordpress\/?p=22874"},"modified":"2009-06-04T11:05:58","modified_gmt":"2009-06-04T11:05:58","slug":"organizacoes-fecham-propostas-de-metodologia-e-temario","status":"publish","type":"post","link":"https:\/\/obscom.intervozes.org.br\/?p=22874","title":{"rendered":"Organiza\u00e7\u00f5es fecham propostas de metodologia e tem\u00e1rio"},"content":{"rendered":"<p class=\"padrao padrao\">Na &uacute;ltima sexta-feira (29), representantes de entidades ligadas &agrave;s comiss&otilde;es estaduais e nacional pr&oacute;-Confer&ecirc;ncia de Comunica&ccedil;&atilde;o se reuniram em Bras&iacute;lia para discutir propostas para a 1&ordf; Confer&ecirc;ncia Nacional de Comunica&ccedil;&atilde;o (Confecom). Os participantes, vindos de 23 estados e ligados aos mais diversos movimentos sociais, definiram&nbsp;posi&ccedil;&otilde;es sobre a organiza&ccedil;&atilde;o, a metodologia e o tem&aacute;rio da Confer&ecirc;ncia, que ser&atilde;o apresentadas pelos representantes deste campo no debate sobre o regimento interno em curso na Comiss&atilde;o Organizadora Nacional do evento. <\/p>\n<p>Alguns assuntos&nbsp;abordados na plen&aacute;ria j&aacute; haviam sido&nbsp;tratados no primeiro encontro das comiss&otilde;es pr&oacute;-Confer&ecirc;ncia, realizada no dia 16 de abril. &ldquo;Daquela primeira vez, algumas comiss&otilde;es nem estavam formadas. Agora partimos de um di&aacute;logo mais intenso com as comiss&otilde;es estaduais, inclusive mais delas est&atilde;o envolvidas e com propostas elaboradas&rdquo;, analisa Carolina Ribeiro, do Intervozes &ndash; Coletivo Brasil de Comunica&ccedil;&atilde;o Social. &ldquo;Este foi um espa&ccedil;o para cristalizar, unificar e alinhar as pautas que os estados est&atilde;o debatendo&rdquo;, completa Marco Ant&ocirc;nio, da comiss&atilde;o estadual do Paran&aacute;.<\/p>\n<p>A proposta aprovada prev&ecirc; a organiza&ccedil;&atilde;o da Confer&ecirc;ncia em quatro dias, com mesas de debate, grupos de trabalho (GT&rsquo;s) e uma plen&aacute;ria final. O processo nos estados, segundo o modelo das entidades, pode ser realizado de duas maneiras: ou&nbsp;por meio&nbsp;da promo&ccedil;&atilde;o de confer&ecirc;ncias regionais obrigat&oacute;rias (que enviam propostas e elegem delegados &agrave; estadual) seguidas de uma confer&ecirc;ncia estadual, ou&nbsp;por meio da&nbsp;organiza&ccedil;&atilde;o de apenas um encontro estadual. Nesta segunda op&ccedil;&atilde;o, a escolha dos delegados &agrave; etapa nacional dever&aacute; contemplar no m&iacute;nimo 20% de representantes de cidades do interior e, ao menos, 50% de representantes da regi&atilde;o metropolitana.<\/p>\n<p>As comiss&otilde;es defendem que&nbsp;haja recursos para assegurar&nbsp;dois mil delegados na etapa nacional. A distribui&ccedil;&atilde;o das vagas por estado deve assegurar um piso m&iacute;nimo para as Unidades da Federa&ccedil;&atilde;o menores e um teto m&aacute;ximo para evitar que as maiores tenham uma sobre-representa&ccedil;&atilde;o, seguindo um crit&eacute;rio proporcional ao n&uacute;mero de habitantes dos estados.<\/p>\n<p><strong>Temas e programa&ccedil;&atilde;o<br \/><\/strong><br \/>A plen&aacute;ria das comiss&otilde;es pr&oacute;-confer&ecirc;ncia tamb&eacute;m aprovou uma sugest&atilde;o de tem&aacute;rio e programa&ccedil;&atilde;o para a Confecom estruturada em tr&ecirc;s eixos:&nbsp; princ&iacute;pios para as pol&iacute;ticas p&uacute;blicas da &aacute;rea, meios de comunica&ccedil;&atilde;o e sistemas de m&iacute;dia. Os primeiros seriam trabalhados nas mesas de debate, enquanto os dois &uacute;ltimos seriam tratados tanto nesses espa&ccedil;os quanto nos grupos de trabalho,&nbsp;originando propostas para aprecia&ccedil;&atilde;o e vota&ccedil;&atilde;o na Plen&aacute;ria Final.<\/p>\n<p>O eixo &ldquo;Princ&iacute;pios&rdquo; abrange assuntos como soberania nacional, converg&ecirc;ncia tecnol&oacute;gica, direito &agrave; comunica&ccedil;&atilde;o, liberdade de express&atilde;o, inclus&atilde;o social, diversidade e regionaliza&ccedil;&atilde;o da programa&ccedil;&atilde;o. &ldquo;Ficou clara&nbsp;a import&acirc;ncia de lutar pela contempla&ccedil;&atilde;o da diversidade local de cada estado e unir for&ccedil;as, mobilizar faculdades e pessoas para lutarmos pelo que temos em comum&rdquo;, destaca Maria Delma, representante do estado de Goi&aacute;s. <\/p>\n<p>O eixo &ldquo;Sistemas&rdquo; foi definido como aquele conjunto de quest&otilde;es comuns a v&aacute;rios meios e que estruturam o modelo institucional das comunica&ccedil;&otilde;es no Brasil, incluindo: os &oacute;rg&atilde;os reguladores, a defini&ccedil;&atilde;o da forma de complementaridade entre os sistemas p&uacute;blico, privado e estatal, a propriedade dos ve&iacute;culos, as pol&iacute;ticas para o conte&uacute;do e a organiza&ccedil;&atilde;o da infra-estrutura pela qual s&atilde;o prestados os servi&ccedil;os. J&aacute; o eixo &ldquo;Meios&rdquo; deve abranger o debate espec&iacute;fico sobre cada m&iacute;dia, como a televis&atilde;o aberta (dividia entre comerciais e do Campo P&uacute;blico), o r&aacute;dio, os servi&ccedil;os convergentes de Internet e telecomunica&ccedil;&otilde;es, a m&iacute;dia impressa, o cinema e o mercado editorial e fonogr&aacute;fico.<\/p>\n<p>Visando adequar os eixos &agrave;s especificidades dos processos, os presentes definiram que eles devem ser organizados de maneira diferenciada nas etapas estadual e nacional. &nbsp;Na primeira, o debate sobre os meios de comunica&ccedil;&atilde;o ser&aacute; mais acentuado, uma vez que &eacute; a porta de entrada mais&nbsp;palp&aacute;vel para&nbsp;as pessoas&nbsp;que dever&atilde;o participar deste momento.<\/p>\n<p>J&aacute; na etapa nacional, as propostas elaboradas nos encontros estaduais ser&atilde;o debatidas nos grupos de trabalho sob a &oacute;tica da organiza&ccedil;&atilde;o da &ldquo;cadeia produtiva&rdquo;&nbsp;das atividades&nbsp;de comunica&ccedil;&atilde;o, incluindo as etapas de produ&ccedil;&atilde;o, distribui&ccedil;&atilde;o, provimento e consumo e a converg&ecirc;ncia das m&iacute;dias e considerando-a a partir dos &ldquo;diferentes sistemas&rdquo; (privado, p&uacute;blico, estatal) e nos dois regimes de explora&ccedil;&atilde;o de atividades de telecomunica&ccedil;&otilde;es (p&uacute;blico e privado).&nbsp;<\/p>\n<p><strong>Mobiliza&ccedil;&atilde;o nos estados<br \/><\/strong><br \/>Al&eacute;m de concluir a elabora&ccedil;&atilde;o de sua proposta de tem&aacute;rio e metodologia, a plen&aacute;ria tamb&eacute;m discutiu os desafios &agrave; mobiliza&ccedil;&atilde;o da sociedade civil, especialmente nos estados. Unidades da Federa&ccedil;&atilde;o como Goi&aacute;s e Amap&aacute;, que ainda dependem de maior envolvimento do governo e da sociedade local, puderam dialogar com aquelas regi&otilde;es que j&aacute; t&ecirc;m&nbsp;obtido maior participa&ccedil;&atilde;o. &ldquo;A plen&aacute;ria foi important&iacute;ssima porque n&atilde;o t&iacute;nhamos uma mobiliza&ccedil;&atilde;o aqui em Goi&aacute;s. Percebemos as dificuldades e necessidade de trabalhar mais para a mobiliza&ccedil;&atilde;o&rdquo;, avaliou Maria Delma, representante da Comiss&atilde;o de Goi&aacute;s.<\/p>\n<p>Na opini&atilde;o de&nbsp;Marco Ant&ocirc;nio, da comiss&atilde;o do Paran&aacute;, a principal tarefa das comiss&otilde;es &eacute; aprofundar o di&aacute;logo com a popula&ccedil;&atilde;o. &ldquo;O desafio &eacute; ir para rua, estar no dia-a-dia, por exemplo, tentar trazer para a realidade local das pessoas os assuntos que dizem respeito ao direito da comunica&ccedil;&atilde;o, acesso aos meios e junto a isso realizar ato de conscientiza&ccedil;&atilde;o&rdquo;, defende. <\/p>\n<p>Para Carolina Ribeiro, do Intervozes e da comiss&atilde;o do Distrito Federal,&nbsp;uma forma de ampliar o debate seria atrav&eacute;s do envolvimento com outros espa&ccedil;os de discuss&atilde;o. &ldquo;A Fenajufe [Federa&ccedil;&atilde;o Nacional dos Servidores do Judici&aacute;rio Federal e Minist&eacute;rio P&uacute;blico da Uni&atilde;o], por exemplo, vai fazer um encontro agora em Manaus, um evento setorial, mas que vai contar com a participa&ccedil;&atilde;o das comiss&otilde;es nacional e estadual. Esses s&atilde;o espa&ccedil;os importantes para articula&ccedil;&atilde;o de todos s setores&rdquo;, informa. <\/p>\n<p><strong>Luta por recursos<\/strong><\/p>\n<p><span class=\"padrao padrao\">Em rela&ccedil;&atilde;o &agrave; diminui&ccedil;&atilde;o do or&ccedil;amento destinado &agrave; Confer&ecirc;ncia de 8,2 milh&otilde;es para 1,6 milh&atilde;o de reais, as comiss&otilde;es aprovaram manifesto alertando para os riscos &agrave; realiza&ccedil;&atilde;o do processo, que ser&aacute; entregue ao governo federal. &ldquo;Este corte desestimula um pouco porque pode dificultar a participa&ccedil;&atilde;o de representantes e pessoas do interior nas entidades. Mas, acredito que articula&ccedil;&atilde;o tem que ser de di&aacute;logo com o governo&rdquo;, assegura Ilma Bittencourt, membro da comiss&atilde;o pr&oacute;-confer&ecirc;ncia do Par&aacute;. <\/p>\n<p>M&aacute;rcio Ara&uacute;jo, da Comiss&atilde;o Nacional dos Direitos Humanos, pensa que manter o corte seria um preju&iacute;zo grave.&ldquo;Ele pode representar uma limita&ccedil;&atilde;o. Por&eacute;m, acredito que vai ser reestabelecido pelo presidente da rep&uacute;blica e Minist&eacute;rio das Comunica&ccedil;&otilde;es&rdquo;, espera.<\/span><\/p>\n","protected":false},"excerpt":{"rendered":"<p>Entidades querem reserva de delegados para o interior, flexibilidade na organiza\u00e7\u00e3o das estaduais e discuss\u00e3o acerca de cada m\u00eddia e sobre temas estruturantes<\/p>\n","protected":false},"author":1,"featured_media":0,"comment_status":"open","ping_status":"open","sticky":false,"template":"","format":"standard","meta":{"footnotes":""},"categories":[40],"tags":[1012],"_links":{"self":[{"href":"https:\/\/obscom.intervozes.org.br\/index.php?rest_route=\/wp\/v2\/posts\/22874"}],"collection":[{"href":"https:\/\/obscom.intervozes.org.br\/index.php?rest_route=\/wp\/v2\/posts"}],"about":[{"href":"https:\/\/obscom.intervozes.org.br\/index.php?rest_route=\/wp\/v2\/types\/post"}],"author":[{"embeddable":true,"href":"https:\/\/obscom.intervozes.org.br\/index.php?rest_route=\/wp\/v2\/users\/1"}],"replies":[{"embeddable":true,"href":"https:\/\/obscom.intervozes.org.br\/index.php?rest_route=%2Fwp%2Fv2%2Fcomments&post=22874"}],"version-history":[{"count":0,"href":"https:\/\/obscom.intervozes.org.br\/index.php?rest_route=\/wp\/v2\/posts\/22874\/revisions"}],"wp:attachment":[{"href":"https:\/\/obscom.intervozes.org.br\/index.php?rest_route=%2Fwp%2Fv2%2Fmedia&parent=22874"}],"wp:term":[{"taxonomy":"category","embeddable":true,"href":"https:\/\/obscom.intervozes.org.br\/index.php?rest_route=%2Fwp%2Fv2%2Fcategories&post=22874"},{"taxonomy":"post_tag","embeddable":true,"href":"https:\/\/obscom.intervozes.org.br\/index.php?rest_route=%2Fwp%2Fv2%2Ftags&post=22874"}],"curies":[{"name":"wp","href":"https:\/\/api.w.org\/{rel}","templated":true}]}}