{"id":22873,"date":"2009-06-03T12:00:50","date_gmt":"2009-06-03T12:00:50","guid":{"rendered":"https:\/\/obscom.intervozes.org.br\/wordpress\/?p=22873"},"modified":"2009-06-03T12:00:50","modified_gmt":"2009-06-03T12:00:50","slug":"doctv-lanca-serie-inedita-de-55-documentarios","status":"publish","type":"post","link":"https:\/\/obscom.intervozes.org.br\/?p=22873","title":{"rendered":"DocTV lan\u00e7a s\u00e9rie in\u00e9dita de 55 document\u00e1rios"},"content":{"rendered":"\n<p class=\"padrao\" align=\"justify\">O programa DOCTV lan&ccedil;a em junho, em todo o Brasil, a s&eacute;rie de 55 document&aacute;rios produzidos atrav&eacute;s do Programa de Fomento &agrave; Produ&ccedil;&atilde;o e Teledifus&atilde;o do Document&aacute;rio Brasileiro &ndash; DOCTV IV (35 filmes) e, tamb&eacute;m, das Carteiras Especiais DOCTV (20 filmes). <\/p>\n<p>Entre os dias 1&ordm; e 5 de junho acontecem os eventos estaduais que lan&ccedil;am a s&eacute;rie por todo o pa&iacute;s. O evento nacional de lan&ccedil;amento da s&eacute;rie ser&aacute; no in&iacute;cio de junho, no Rio de Janeiro. Ao todo ser&atilde;o 55 semanas de document&aacute;rios in&eacute;ditos alcan&ccedil;ando um ano de programa&ccedil;&atilde;o feita em parceria com a produ&ccedil;&atilde;o independente de todos os estados brasileiros.<\/p>\n<p>Em S&atilde;o Paulo e no Rio de Janeiro, os document&aacute;rios v&atilde;o ao ar pela TV Cultura e TV Brasil, respectivamente, e ser&atilde;o tamb&eacute;m veiculados nas grades de programa&ccedil;&atilde;o das TVs e circuitos alternativos de exibi&ccedil;&atilde;o das institui&ccedil;&otilde;es p&uacute;blicas participantes do programa em rede nacional.<\/p>\n<p>Com o bord&atilde;o &ldquo;quando a realidade parece fic&ccedil;&atilde;o, &eacute; hora de fazer document&aacute;rios&rdquo;, o DOCTV lan&ccedil;ou em 2008 uma campanha direcionada aos documentaristas de todo o pa&iacute;s que responderam com a inscri&ccedil;&atilde;o de 665 projetos nos concursos estaduais de sele&ccedil;&atilde;o. A sele&ccedil;&atilde;o estadual &eacute; a ponta de um processo, parte das a&ccedil;&otilde;es de regionaliza&ccedil;&atilde;o, que conta tamb&eacute;m com o incentivo &agrave; adequa&ccedil;&atilde;o do modelo de neg&oacute;cio DOCTV para os estados, resultando nas Carteiras Especiais. <\/p>\n<p>O programa conta ainda com a&ccedil;&otilde;es de forma&ccedil;&atilde;o, com realiza&ccedil;&atilde;o de oficinas para formata&ccedil;&atilde;o e desenvolvimento de projetos e semin&aacute;rios de discuss&atilde;o que aproximam essa engenharia de produ&ccedil;&atilde;o do debate est&eacute;tico do document&aacute;rio, al&eacute;m de a&ccedil;&otilde;es de comercializa&ccedil;&atilde;o no mercado nacional e internacional, at&eacute; a exibi&ccedil;&atilde;o dos document&aacute;rios em circuito nacional de televis&atilde;o.<\/p>\n<p>A s&eacute;rie deste ano tem como caracter&iacute;stica a grande presen&ccedil;a de documentaristas experientes, como Glauber Paiva Filho (CE), Pedro Urano e Jos&eacute; Jofilly (RJ), Gustavo Spolidoro (RS), Tata Amaral (SP) e entre outros, al&eacute;m da participa&ccedil;&atilde;o de jovens promessas no mercado de document&aacute;rios brasileiro, como Luiza Fag&aacute; (SP), de apenas 21 anos, constituindo reflexo plural de v&aacute;rias tend&ecirc;ncias do audiovisual do pa&iacute;s.<\/p>\n<p>Nesta edi&ccedil;&atilde;o, os document&aacute;rios caminham em tr&ecirc;s dire&ccedil;&otilde;es: ora enfrentando os processos sociais contempor&acirc;neos, ora dialogando com a tradi&ccedil;&atilde;o, ora promovendo revis&otilde;es hist&oacute;ricas, quando n&atilde;o articulando duas dessas estrat&eacute;gias de abordagem em um mesmo document&aacute;rio. Desta forma, o DOCTV IV &eacute; uma promessa de encontro das quest&otilde;es urgentes do pa&iacute;s com o povo brasileiro, por meio do olhar de 55 documentaristas sobre suas realidades.<\/p>\n<p>O Programa &eacute; uma realiza&ccedil;&atilde;o da Secretaria do Audiovisual do Minist&eacute;rio da Cultura, da ABEPEC &#8211; Associa&ccedil;&atilde;o Brasileira das Emissoras P&uacute;blicas Educativas e Culturais, da TV Brasil &#8211; Empresa Brasil de Comunica&ccedil;&atilde;o e da TV Cultura &#8211; Funda&ccedil;&atilde;o Padre Anchieta, com o apoio da ABD Nacional &#8211; Associa&ccedil;&atilde;o Brasileira de Documentaristas e Curta-metragistas.<\/p>\n","protected":false},"excerpt":{"rendered":"<p>O programa DOCTV lan&ccedil;a em junho, em todo o Brasil, a s&eacute;rie de 55 document&aacute;rios produzidos atrav&eacute;s do Programa de Fomento &agrave; Produ&ccedil;&atilde;o e Teledifus&atilde;o do Document&aacute;rio Brasileiro &ndash; DOCTV IV (35 filmes) e, tamb&eacute;m, das Carteiras Especiais DOCTV (20 filmes). Entre os dias 1&ordm; e 5 de junho acontecem os eventos estaduais que lan&ccedil;am &hellip; <a href=\"https:\/\/obscom.intervozes.org.br\/?p=22873\" class=\"more-link\">Continue lendo <span class=\"screen-reader-text\">DocTV lan\u00e7a s\u00e9rie in\u00e9dita de 55 document\u00e1rios<\/span> <span class=\"meta-nav\">&rarr;<\/span><\/a><\/p>\n","protected":false},"author":1,"featured_media":0,"comment_status":"open","ping_status":"open","sticky":false,"template":"","format":"standard","meta":{"footnotes":""},"categories":[40],"tags":[120],"_links":{"self":[{"href":"https:\/\/obscom.intervozes.org.br\/index.php?rest_route=\/wp\/v2\/posts\/22873"}],"collection":[{"href":"https:\/\/obscom.intervozes.org.br\/index.php?rest_route=\/wp\/v2\/posts"}],"about":[{"href":"https:\/\/obscom.intervozes.org.br\/index.php?rest_route=\/wp\/v2\/types\/post"}],"author":[{"embeddable":true,"href":"https:\/\/obscom.intervozes.org.br\/index.php?rest_route=\/wp\/v2\/users\/1"}],"replies":[{"embeddable":true,"href":"https:\/\/obscom.intervozes.org.br\/index.php?rest_route=%2Fwp%2Fv2%2Fcomments&post=22873"}],"version-history":[{"count":0,"href":"https:\/\/obscom.intervozes.org.br\/index.php?rest_route=\/wp\/v2\/posts\/22873\/revisions"}],"wp:attachment":[{"href":"https:\/\/obscom.intervozes.org.br\/index.php?rest_route=%2Fwp%2Fv2%2Fmedia&parent=22873"}],"wp:term":[{"taxonomy":"category","embeddable":true,"href":"https:\/\/obscom.intervozes.org.br\/index.php?rest_route=%2Fwp%2Fv2%2Fcategories&post=22873"},{"taxonomy":"post_tag","embeddable":true,"href":"https:\/\/obscom.intervozes.org.br\/index.php?rest_route=%2Fwp%2Fv2%2Ftags&post=22873"}],"curies":[{"name":"wp","href":"https:\/\/api.w.org\/{rel}","templated":true}]}}