{"id":22863,"date":"2009-06-02T20:53:44","date_gmt":"2009-06-02T20:53:44","guid":{"rendered":"https:\/\/obscom.intervozes.org.br\/wordpress\/?p=22863"},"modified":"2009-06-02T20:53:44","modified_gmt":"2009-06-02T20:53:44","slug":"bndes-nao-sera-sponsor-do-padrao-brasileiro-mas-apoiara-exportacoes","status":"publish","type":"post","link":"https:\/\/obscom.intervozes.org.br\/?p=22863","title":{"rendered":"BNDES n\u00e3o ser\u00e1 &#8216;sponsor&#8217; do padr\u00e3o brasileiro, mas apoiar\u00e1 exporta\u00e7\u00f5es"},"content":{"rendered":"\n<p class=\"padrao\">O presidente do BNDES &#8211; Banco Nacional do Desenvolvimento Econ&ocirc;mico e Social, Luciano Coutinho, disse que o banco possui linhas de financiamentos e est&aacute; disposto a ajudar ind&uacute;strias brasileiras exportarem equipamentos da &aacute;rea ou, at&eacute; mesmo, montarem f&aacute;bricas em pa&iacute;ses da Am&eacute;rica Latina, para incentivar o uso do padr&atilde;o brasileiro SBTVD na regi&atilde;o.<\/p>\n<p>&quot;Se for necess&aacute;rio, vamos aportar recursos para incentivar a venda de produtos brasileiros e a produ&ccedil;&atilde;o tamb&eacute;m. Mas n&atilde;o seremos patrocinadores do padr&atilde;o nacional. N&atilde;o &eacute; nosso escopo&quot;, disse. Segundo Coutinho, que participou da cerim&ocirc;nia de abertura do ABINEE TEC, na capital paulista, nesta segunda feira, 01\/06, o Banco tem recursos e interesse em ajudar as empresas brasileiras interessadas em atuar na &aacute;rea de TV Digital.<\/p>\n<p>A id&eacute;ia &eacute; oferecer linhas de financiamento para fabrica&ccedil;&atilde;o e servi&ccedil;os. Com rela&ccedil;&atilde;o aos recursos dispon&iacute;veis em caixa &#8211; pouco interesse da ind&uacute;stria em solicitar o financiamento &#8211; o executivo observou que a primeira onda de digitaliza&ccedil;&atilde;o aconteceu com a importa&ccedil;&atilde;o dos equipamentos.<\/p>\n<p>&quot;Agora &eacute; o momento de come&ccedil;armos o segundo ciclo e centrarmos na produ&ccedil;&atilde;o local e tamb&eacute;m no desembarque de empresas brasileiras em paises da regi&atilde;o&quot;, completou. Coutinho descartou ainda qualquer possibilidade de a subsidiaria do BNDES, semelhante ao Eximbank, como quer o governo e o ministro do Desenvolvimento, Miguel Jorge, n&atilde;o integra a pol&iacute;tica de incentivo &agrave; ind&uacute;stria de TV Digital, apesar de quando formalizado ir&aacute; tamb&eacute;m beneficiar empresas exportadoras. <\/p>\n","protected":false},"excerpt":{"rendered":"<p>O presidente do BNDES &#8211; Banco Nacional do Desenvolvimento Econ&ocirc;mico e Social, Luciano Coutinho, disse que o banco possui linhas de financiamentos e est&aacute; disposto a ajudar ind&uacute;strias brasileiras exportarem equipamentos da &aacute;rea ou, at&eacute; mesmo, montarem f&aacute;bricas em pa&iacute;ses da Am&eacute;rica Latina, para incentivar o uso do padr&atilde;o brasileiro SBTVD na regi&atilde;o. &quot;Se for &hellip; <a href=\"https:\/\/obscom.intervozes.org.br\/?p=22863\" class=\"more-link\">Continue lendo <span class=\"screen-reader-text\">BNDES n\u00e3o ser\u00e1 &#8216;sponsor&#8217; do padr\u00e3o brasileiro, mas apoiar\u00e1 exporta\u00e7\u00f5es<\/span> <span class=\"meta-nav\">&rarr;<\/span><\/a><\/p>\n","protected":false},"author":1,"featured_media":0,"comment_status":"open","ping_status":"open","sticky":false,"template":"","format":"standard","meta":{"footnotes":""},"categories":[40],"tags":[79],"_links":{"self":[{"href":"https:\/\/obscom.intervozes.org.br\/index.php?rest_route=\/wp\/v2\/posts\/22863"}],"collection":[{"href":"https:\/\/obscom.intervozes.org.br\/index.php?rest_route=\/wp\/v2\/posts"}],"about":[{"href":"https:\/\/obscom.intervozes.org.br\/index.php?rest_route=\/wp\/v2\/types\/post"}],"author":[{"embeddable":true,"href":"https:\/\/obscom.intervozes.org.br\/index.php?rest_route=\/wp\/v2\/users\/1"}],"replies":[{"embeddable":true,"href":"https:\/\/obscom.intervozes.org.br\/index.php?rest_route=%2Fwp%2Fv2%2Fcomments&post=22863"}],"version-history":[{"count":0,"href":"https:\/\/obscom.intervozes.org.br\/index.php?rest_route=\/wp\/v2\/posts\/22863\/revisions"}],"wp:attachment":[{"href":"https:\/\/obscom.intervozes.org.br\/index.php?rest_route=%2Fwp%2Fv2%2Fmedia&parent=22863"}],"wp:term":[{"taxonomy":"category","embeddable":true,"href":"https:\/\/obscom.intervozes.org.br\/index.php?rest_route=%2Fwp%2Fv2%2Fcategories&post=22863"},{"taxonomy":"post_tag","embeddable":true,"href":"https:\/\/obscom.intervozes.org.br\/index.php?rest_route=%2Fwp%2Fv2%2Ftags&post=22863"}],"curies":[{"name":"wp","href":"https:\/\/api.w.org\/{rel}","templated":true}]}}