{"id":22859,"date":"2009-06-02T16:11:44","date_gmt":"2009-06-02T16:11:44","guid":{"rendered":"https:\/\/obscom.intervozes.org.br\/wordpress\/?p=22859"},"modified":"2009-06-02T16:11:44","modified_gmt":"2009-06-02T16:11:44","slug":"outorga-de-tv-a-sindicatos-gera-polemica-entre-entidades","status":"publish","type":"post","link":"https:\/\/obscom.intervozes.org.br\/?p=22859","title":{"rendered":"Outorga de TV a sindicatos gera pol\u00eamica entre entidades"},"content":{"rendered":"<p><!--  \/* Font Definitions *\/  @font-face \t{font-family:\"Cambria Math\"; \tpanose-1:2 4 5 3 5 4 6 3 2 4; \tmso-font-charset:0; \tmso-generic-font-family:roman; \tmso-font-pitch:variable; \tmso-font-signature:-1610611985 1107304683 0 0 159 0;} @font-face \t{font-family:Calibri; \tpanose-1:2 15 5 2 2 2 4 3 2 4; \tmso-font-charset:0; \tmso-generic-font-family:swiss; \tmso-font-pitch:variable; \tmso-font-signature:-1610611985 1073750139 0 0 159 0;} @font-face \t{font-family:Verdana; \tpanose-1:2 11 6 4 3 5 4 4 2 4; \tmso-font-charset:0; \tmso-generic-font-family:swiss; \tmso-font-pitch:variable; \tmso-font-signature:-1593833729 1073750107 16 0 415 0;} @font-face \t{font-family:CCUGGO+TradeGothic-CondEighteen; \tpanose-1:0 0 0 0 0 0 0 0 0 0; \tmso-font-alt:\"Trade Gothic\"; \tmso-font-charset:0; \tmso-generic-font-family:swiss; \tmso-font-format:other; \tmso-font-pitch:auto; \tmso-font-signature:3 0 0 0 1 0;}  \/* Style Definitions *\/  p.MsoNormal, li.MsoNormal, div.MsoNormal \t{mso-style-unhide:no; \tmso-style-qformat:yes; \tmso-style-parent:\"\"; \tmargin:0cm; \tmargin-bottom:.0001pt; \ttext-align:justify; \tline-height:200%; \tmso-pagination:widow-orphan; \tfont-size:12.0pt; \tmso-bidi-font-size:9.0pt; \tfont-family:\"Times New Roman\",\"serif\"; \tmso-fareast-font-family:Calibri; \tmso-bidi-font-family:CCUGGO+TradeGothic-CondEighteen; \tcolor:black; \tmso-fareast-language:EN-US;} p \t{mso-style-priority:99; \tmso-margin-top-alt:auto; \tmargin-right:0cm; \tmso-margin-bottom-alt:auto; \tmargin-left:0cm; \tmso-pagination:widow-orphan; \tfont-size:12.0pt; \tfont-family:\"Times New Roman\",\"serif\"; \tmso-fareast-font-family:\"Times New Roman\";} pre \t{mso-style-priority:99; \tmso-style-link:\"Pr\u00e9-formata\u00e7\u00e3o HTML Char\"; \tmargin:0cm; \tmargin-bottom:.0001pt; \tmso-pagination:widow-orphan; \ttab-stops:45.8pt 91.6pt 137.4pt 183.2pt 229.0pt 274.8pt 320.6pt 366.4pt 412.2pt 458.0pt 503.8pt 549.6pt 595.4pt 641.2pt 687.0pt 732.8pt; \tfont-size:10.0pt; \tfont-family:\"Courier New\"; \tmso-fareast-font-family:\"Times New Roman\";} span.Pr-formataoHTMLChar \t{mso-style-name:\"Pr\u00e9-formata\u00e7\u00e3o HTML Char\"; \tmso-style-priority:99; \tmso-style-unhide:no; \tmso-style-locked:yes; \tmso-style-link:\"Pr\u00e9-formata\u00e7\u00e3o HTML\"; \tfont-family:\"Courier New\"; \tmso-ascii-font-family:\"Courier New\"; \tmso-fareast-font-family:\"Times New Roman\"; \tmso-hansi-font-family:\"Courier New\"; \tmso-bidi-font-family:\"Courier New\";} .MsoChpDefault \t{mso-style-type:export-only; \tmso-default-props:yes; \tfont-size:10.0pt; \tmso-ansi-font-size:10.0pt; \tmso-bidi-font-size:10.0pt; \tmso-fareast-font-family:Calibri; \tmso-bidi-font-family:CCUGGO+TradeGothic-CondEighteen;} @page Section1 \t{size:612.0pt 792.0pt; \tmargin:70.85pt 3.0cm 70.85pt 3.0cm; \tmso-header-margin:36.0pt; \tmso-footer-margin:36.0pt; \tmso-paper-source:0;} div.Section1 \t{page:Section1;} --><\/p>\n<p class=\"padrao\">A concess&atilde;o de uma emissora de TV educativa, no munic&iacute;pio de S&atilde;o Caetano, em S&atilde;o Paulo, destinada a Funda&ccedil;&atilde;o Sociedade, Comunica&ccedil;&atilde;o, Cultura e Trabalho, entidade ligada ao Sindicato dos Metal&uacute;rgicos do ABC Paulista, dividiu opini&otilde;es nos mais diferentes espa&ccedil;os de debate da &aacute;rea e em meios de comunica&ccedil;&atilde;o. A outorga, assinada pelo presidente Lula e pelo ministro das comunica&ccedil;&otilde;es H&eacute;lio Costa, foi anunciada nas comemora&ccedil;&otilde;es de 50 anos do sindicado, no &uacute;ltimo dia 12 de maio.<\/p>\n<p>Junto a esta licen&ccedil;a, a Funda&ccedil;&atilde;o tamb&eacute;m foi contemplada com mais uma r&aacute;dio, em Mogi das Cruzes, tamb&eacute;m em S&atilde;o Paulo. Para se tornarem efetivas, elas precisam ainda passar por aprova&ccedil;&atilde;o do Congresso Nacional, como prev&ecirc; o artigo 223 da Constitui&ccedil;&atilde;o Federal, para s&oacute; depois serem legalizadas e entrarem no ar.<\/p>\n<p>Esta n&atilde;o &eacute; a primeira outorga dada &agrave; Funda&ccedil;&atilde;o, que j&aacute; &eacute; concession&aacute;ria de outros dois ve&iacute;culos, nas cidades de Mogi das Cruzes e S&atilde;o Vicente. A entidade foi criada em 1991 e &eacute; dirigida por um conselho composto por 40 membros, todos volunt&aacute;rios, que representam diversas categorias de sindicatos filiados &agrave; Central &Uacute;nica dos Trabalhadores (CUT), como os Metal&uacute;rgicos e Qu&iacute;micos do ABC, Banc&aacute;rios de S&atilde;o Paulo e do ABC, Petroleiros, Professores e Jornalistas de S&atilde;o Paulo, organiza&ccedil;&otilde;es de trabalhadores dentre as mais estruturadas do pa&iacute;s.<\/p>\n<p>Exemplo &eacute; o Sindicato dos Metal&uacute;rgicos do ABC paulista, uma das maiores organiza&ccedil;&otilde;es sindicais do pa&iacute;s. Segundo a assessoria de imprensa da entidade, atualmente ele t&ecirc;m uma base de 98 mil trabalhadores em quatro das sete cidades do ABC (S&atilde;o Bernardo, Diadema, Ribeir&atilde;o Pires e Rio Grande da Serra), com mais de 75% dos trabalhadores sindicalizados.<\/p>\n<p><strong>Amplia&ccedil;&atilde;o da pluralidade<br \/><\/strong><br \/>Para Ant&ocirc;nio Biondi, do Intervozes &ndash; Coletivo Brasil de Comunica&ccedil;&atilde;o Social, a concess&atilde;o de ve&iacute;culos de radiodifus&atilde;o &agrave;s representa&ccedil;&otilde;es de trabalhadores &eacute; uma importante iniciativa e merece ser ampliada.<\/p>\n<p>&ldquo;Garantir o acesso de entidades da sociedade, e dos trabalhadores em espec&iacute;fico, &eacute; algo que deve ser saudado, por fortalecer a diversidade e a pluralidade na m&iacute;dia. No Brasil, o acesso desses grupos aos meios de comunica&ccedil;&atilde;o enfrenta diversas resist&ecirc;ncias e dificuldades, e sabemos que id&eacute;ias bastante difundidas em outros pa&iacute;ses, como o direito de antena, t&ecirc;m pouqu&iacute;ssimo espa&ccedil;o para acontecer no Brasil.&rdquo;<\/p>\n<p>Biondi completa ainda que a medida vem ao encontro do ac&uacute;mulo hist&oacute;rico que o sindicato tem em rela&ccedil;&atilde;o &agrave; comunica&ccedil;&atilde;o. &ldquo;Os Metal&uacute;rgicos do ABC utilizam, h&aacute; muitos anos, a comunica&ccedil;&atilde;o como um meio e fim para fortalecer suas lutas por uma sociedade melhor, por uma vida melhor para seus associados&rdquo;, conclui.<\/p>\n<p>De acordo com o vice-presidente do Sindicato dos Metal&uacute;rgicos do ABC e presidente interino da Funda&ccedil;&atilde;o Sociedade, Comunica&ccedil;&atilde;o, Cultura e Trabalho, Rafael Marques, a iniciativa implantar uma emissora de TV por trabalhadores est&aacute; ligada a um projeto que visa democratizar a opini&atilde;o expressa pela m&iacute;dia. &ldquo;Como atualmente a opini&atilde;o p&uacute;blica &eacute; um processo de domina&ccedil;&atilde;o dos grandes conglomerados de m&iacute;dia. Ent&atilde;o diversificar o controle dos processos de produ&ccedil;&atilde;o intelectual de m&iacute;dia &eacute; fundamental e nosso interesse &eacute; dar voz aos trabalhadores&rdquo;, explica.<\/p>\n<p>Marques diz ainda que a programa&ccedil;&atilde;o da emissora colocar&aacute; o trabalho como centro do modo de vida de uma sociedade. Seja em local de trabalho, na comunidade, na escola ou na vida familiar. Ele diz que uma das prioridades da Funda&ccedil;&atilde;o ser&aacute; &ldquo;cobrir as lutas dos trabalhadores brasileiros e uma produ&ccedil;&atilde;o cultural de raiz com a descoberta e\/ou redescoberta de talentos para a comunica&ccedil;&atilde;o&rdquo;.<\/p>\n<p>O sindicalista adiante ainda que &ldquo;al&eacute;m de produ&ccedil;&atilde;o pr&oacute;pria, a Funda&ccedil;&atilde;o dever&aacute; tamb&eacute;m trabalhar com produtoras independentes&rdquo;. Com outros ve&iacute;culos que n&atilde;o dependem de concess&atilde;o p&uacute;blica, como jornais, o dirigente adianta que a rela&ccedil;&atilde;o ser&aacute; &ldquo;de parceria e pautada pelos interesses editoriais comprometidos com a constru&ccedil;&atilde;o de um modelo democr&aacute;tico e participativo de comunica&ccedil;&atilde;o&rdquo;.<\/p>\n<p><strong>Cr&iacute;ticas<br \/><\/strong><br \/>O fato de o Sindicato dos Metal&uacute;rgicos do ABC paulista ter sido o ber&ccedil;o pol&iacute;tico do presidente Lula, deu espa&ccedil;o a rumores de que haveria algum tipo privil&eacute;gio por parte do presidente. O jornalista Alberto Dines, em coment&aacute;rio para o programa radiof&ocirc;nico do Observat&oacute;rio da Imprensa colocou o fato no mesmo patamar das concess&otilde;es para pol&iacute;ticos e igreja das concess&otilde;es. Para Dines, &ldquo;apesar do concession&aacute;rio ser um sindicato de trabalhadores, o ato n&atilde;o se diferencia das centenas de licen&ccedil;as para emissoras de r&aacute;dio e TV outorgadas ou renovadas periodicamente em benef&iacute;cio de deputados, senadores ou de seus laranjas e apaniguados&rdquo;.<\/p>\n<p>O sistema &eacute; o mesmo, completa o jornalista, &ldquo;equivocado e irregular&rdquo;. &ldquo;Ignora a isonomia, o pluralismo, ignora principalmente a necessidade de estabelecer uma pol&iacute;tica capaz de regular definitivamente as concess&otilde;es de radiodifus&atilde;o. D&aacute; no mesmo oferecer uma TV educativa a um sindicato ou ao dono de um curral eleitoral no interior. Ambos constituem privil&eacute;gios&rdquo;, sublinha.<\/p>\n<p><strong>Projetos opostos<br \/><\/strong><br \/>Ant&ocirc;nio Biondi, por sua vez, diz que para a medida n&atilde;o ser questionada como favorecimento ou algo assim &#8211; e por ser o mais interessante e correto a se fazer mesmo &#8211; a iniciativa deve se ampliar, a fim de n&atilde;o ficar restrita a este ou &agrave;quele grupo. &ldquo;Este, a meu ver, &eacute; um dos caminhos que podem contribuir na batalha pela democratiza&ccedil;&atilde;o da comunica&ccedil;&atilde;o no Brasil e pela efetiva&ccedil;&atilde;o do direito &agrave; comunica&ccedil;&atilde;o em nosso pa&iacute;s.&rdquo;<\/p>\n<p>Questionado sobre as cr&iacute;ticas que foram feitas &agrave; concess&atilde;o outorgada pelo presidente Lula, Rafael Marques, diz que isso expressa o modelo concentrador da m&iacute;dia e especialmente a luta de classes. Marques acredita tamb&eacute;m que a maioria das criticas partiu da Folha de S&atilde;o Paulo. &ldquo;Eles foram implac&aacute;veis desde o conhecimento da concess&atilde;o&rdquo;, denuncia o presidente da Funda&ccedil;&atilde;o.<\/p>\n<p>&ldquo;Para eles os trabalhadores atrav&eacute;s de suas entidades s&atilde;o amea&ccedil;adas ao projeto que representa, ou seja &ndash; do estado m&iacute;nimo, das privatiza&ccedil;&otilde;es, do preconceito de classe, da submiss&atilde;o internacional (&Aacute;rea de Livre Com&eacute;rcio da Am&eacute;ricas)&rdquo;, conclui. Ainda segundo informa&ccedil;&otilde;es do sindicalista, a emissora vai funcionar com dire&ccedil;&atilde;o de um Conselho composto por representantes de diversas entidades, como requer a gest&atilde;o das emissoras educativas. <\/p>\n","protected":false},"excerpt":{"rendered":"<p>Para jornalista Alberto Dines, outorga a sindicato pode ser comparada a emissoras para pol\u00edticos; Para entidade, iniciativa amplia pluralidade e diversidade na m\u00eddia.<\/p>\n","protected":false},"author":1,"featured_media":0,"comment_status":"open","ping_status":"open","sticky":false,"template":"","format":"standard","meta":{"footnotes":""},"categories":[40],"tags":[106],"_links":{"self":[{"href":"https:\/\/obscom.intervozes.org.br\/index.php?rest_route=\/wp\/v2\/posts\/22859"}],"collection":[{"href":"https:\/\/obscom.intervozes.org.br\/index.php?rest_route=\/wp\/v2\/posts"}],"about":[{"href":"https:\/\/obscom.intervozes.org.br\/index.php?rest_route=\/wp\/v2\/types\/post"}],"author":[{"embeddable":true,"href":"https:\/\/obscom.intervozes.org.br\/index.php?rest_route=\/wp\/v2\/users\/1"}],"replies":[{"embeddable":true,"href":"https:\/\/obscom.intervozes.org.br\/index.php?rest_route=%2Fwp%2Fv2%2Fcomments&post=22859"}],"version-history":[{"count":0,"href":"https:\/\/obscom.intervozes.org.br\/index.php?rest_route=\/wp\/v2\/posts\/22859\/revisions"}],"wp:attachment":[{"href":"https:\/\/obscom.intervozes.org.br\/index.php?rest_route=%2Fwp%2Fv2%2Fmedia&parent=22859"}],"wp:term":[{"taxonomy":"category","embeddable":true,"href":"https:\/\/obscom.intervozes.org.br\/index.php?rest_route=%2Fwp%2Fv2%2Fcategories&post=22859"},{"taxonomy":"post_tag","embeddable":true,"href":"https:\/\/obscom.intervozes.org.br\/index.php?rest_route=%2Fwp%2Fv2%2Ftags&post=22859"}],"curies":[{"name":"wp","href":"https:\/\/api.w.org\/{rel}","templated":true}]}}