{"id":22853,"date":"2009-06-01T09:36:27","date_gmt":"2009-06-01T09:36:27","guid":{"rendered":"https:\/\/obscom.intervozes.org.br\/wordpress\/?p=22853"},"modified":"2009-06-01T09:36:27","modified_gmt":"2009-06-01T09:36:27","slug":"justica-da-72-horas-para-anatel-defender-a-contribuicao-para-radiodifusao-publica","status":"publish","type":"post","link":"https:\/\/obscom.intervozes.org.br\/?p=22853","title":{"rendered":"Justi\u00e7a d\u00e1 72 horas para Anatel defender a contribui\u00e7\u00e3o para radiodifus\u00e3o p\u00fablica"},"content":{"rendered":"<p class=\"padrao\"><u><strong>Reproduzido do Telecom Online<br \/><\/strong><\/u><br \/>A Ag&ecirc;ncia Nacional de Telecomunica&ccedil;&otilde;es (Anatel) ter&aacute; 72 horas para dar explica&ccedil;&otilde;es sobre a cobran&ccedil;a da contribui&ccedil;&atilde;o de fomento para a radiodifus&atilde;o p&uacute;blica que foi questionada na &uacute;ltima semana na Justi&ccedil;a pelas operadoras de telecomunica&ccedil;&otilde;es.&nbsp;Essa foi a determina&ccedil;&atilde;o da&nbsp;ju&iacute;za respons&aacute;vel pela 6&ordf; Vara da Se&ccedil;&atilde;o Judici&aacute;ria do Distrito Federal, onde deu entrada o pedido de mandado de seguran&ccedil;a com liminar feito pelo Sinditelebrasil. <\/p>\n<p>Em S&atilde;o Paulo, mais quatro empresas (Transit, Sunbird, Telecom e R&aacute;dio M&oacute;vel Digital) recorreram contra o recolhimento da contribui&ccedil;&atilde;o que foi imposto ao setor de telecomunica&ccedil;&otilde;es e tem como base de c&aacute;lculo crit&eacute;rios semelhantes ao do Fistel (Fundo de Fiscaliza&ccedil;&atilde;o das Telecomunica&ccedil;&otilde;es).<\/p>\n<p class=\"padrao\">A ag&ecirc;ncia se tornou parte desse processo ao ser nomeada a arrecadadora do tributo. Mas, conforme questionamentos das pr&oacute;prias empresas, essa n&atilde;o &eacute; uma atribui&ccedil;&atilde;o do &oacute;rg&atilde;o regulador. E, agora, pela determina&ccedil;&atilde;o judicial ser&aacute; ele a defender a cobran&ccedil;a da contribui&ccedil;&atilde;o que foi institu&iacute;da por medida provis&oacute;ria e cujos recursos ser&atilde;o destinados para a EBC (Empresa Brasileira de Comunica&ccedil;&atilde;o). A Justi&ccedil;a tamb&eacute;m determinou a abertura de uma conta banc&aacute;ria na Caixa Econ&ocirc;mica Federal para o dep&oacute;sito em ju&iacute;zo da contribui&ccedil;&atilde;o. At&eacute; as 18h30 treze empresas j&aacute; tinham efetuado o dep&oacute;sito.<\/p>\n","protected":false},"excerpt":{"rendered":"<p>Reproduzido do Telecom OnlineA Ag&ecirc;ncia Nacional de Telecomunica&ccedil;&otilde;es (Anatel) ter&aacute; 72 horas para dar explica&ccedil;&otilde;es sobre a cobran&ccedil;a da contribui&ccedil;&atilde;o de fomento para a radiodifus&atilde;o p&uacute;blica que foi questionada na &uacute;ltima semana na Justi&ccedil;a pelas operadoras de telecomunica&ccedil;&otilde;es.&nbsp;Essa foi a determina&ccedil;&atilde;o da&nbsp;ju&iacute;za respons&aacute;vel pela 6&ordf; Vara da Se&ccedil;&atilde;o Judici&aacute;ria do Distrito Federal, onde deu entrada &hellip; <a href=\"https:\/\/obscom.intervozes.org.br\/?p=22853\" class=\"more-link\">Continue lendo <span class=\"screen-reader-text\">Justi\u00e7a d\u00e1 72 horas para Anatel defender a contribui\u00e7\u00e3o para radiodifus\u00e3o p\u00fablica<\/span> <span class=\"meta-nav\">&rarr;<\/span><\/a><\/p>\n","protected":false},"author":1,"featured_media":0,"comment_status":"open","ping_status":"open","sticky":false,"template":"","format":"standard","meta":{"footnotes":""},"categories":[39],"tags":[],"_links":{"self":[{"href":"https:\/\/obscom.intervozes.org.br\/index.php?rest_route=\/wp\/v2\/posts\/22853"}],"collection":[{"href":"https:\/\/obscom.intervozes.org.br\/index.php?rest_route=\/wp\/v2\/posts"}],"about":[{"href":"https:\/\/obscom.intervozes.org.br\/index.php?rest_route=\/wp\/v2\/types\/post"}],"author":[{"embeddable":true,"href":"https:\/\/obscom.intervozes.org.br\/index.php?rest_route=\/wp\/v2\/users\/1"}],"replies":[{"embeddable":true,"href":"https:\/\/obscom.intervozes.org.br\/index.php?rest_route=%2Fwp%2Fv2%2Fcomments&post=22853"}],"version-history":[{"count":0,"href":"https:\/\/obscom.intervozes.org.br\/index.php?rest_route=\/wp\/v2\/posts\/22853\/revisions"}],"wp:attachment":[{"href":"https:\/\/obscom.intervozes.org.br\/index.php?rest_route=%2Fwp%2Fv2%2Fmedia&parent=22853"}],"wp:term":[{"taxonomy":"category","embeddable":true,"href":"https:\/\/obscom.intervozes.org.br\/index.php?rest_route=%2Fwp%2Fv2%2Fcategories&post=22853"},{"taxonomy":"post_tag","embeddable":true,"href":"https:\/\/obscom.intervozes.org.br\/index.php?rest_route=%2Fwp%2Fv2%2Ftags&post=22853"}],"curies":[{"name":"wp","href":"https:\/\/api.w.org\/{rel}","templated":true}]}}