{"id":22852,"date":"2009-05-29T15:17:53","date_gmt":"2009-05-29T15:17:53","guid":{"rendered":"https:\/\/obscom.intervozes.org.br\/wordpress\/?p=22852"},"modified":"2009-05-29T15:17:53","modified_gmt":"2009-05-29T15:17:53","slug":"camara-dos-deputados-realiza-audiencia-para-discutir-regras-da-multiprogramacao-em-tv","status":"publish","type":"post","link":"https:\/\/obscom.intervozes.org.br\/?p=22852","title":{"rendered":"C\u00e2mara dos Deputados realiza audi\u00eancia para discutir regras da multiprograma\u00e7\u00e3o em TV"},"content":{"rendered":"\n<p class=\"padrao\"><u><strong>Reproduzido do Portal Imprensa<\/strong><\/u><\/p>\n<p>A Comiss&atilde;o de Ci&ecirc;ncia e Tecnologia (CCT) da C&acirc;mara dos Deputados realizar&aacute; uma audi&ecirc;ncia p&uacute;blica para discutir o uso da multiprograma&ccedil;&atilde;o em emissoras de TV educativas e comerciais. O encontro, ainda sem data definida, foi proposto pela deputada Raquel Teixeira (PSDB-GO). Segundo a parlamentar, o objetivo da audi&ecirc;ncia ser&aacute; aprovar modifica&ccedil;&otilde;es nas regras do setor, para que mais emissoras possam usufruir do servi&ccedil;o de multiprograma&ccedil;&atilde;o.<\/p>\n<p>Entre as institui&ccedil;&otilde;es comerciais, Globo, Rede TV! e o Grupo Abril j&aacute; demonstraram interesse na abertura do recurso. SBT e Band ainda estudam as possibilidades da multiprograma&ccedil;&atilde;o. O encontro dever&aacute; contar com a presen&ccedil;a de diversos representantes do setor. A inten&ccedil;&atilde;o da CCT &eacute; convocar para a audi&ecirc;ncia os presidentes da Abert, Abra e Abedec, al&eacute;m de lideran&ccedil;as do Minist&eacute;rio das Comunica&ccedil;&otilde;es e da assessoria da Presid&ecirc;ncia da Rep&uacute;blica.<\/p>\n<p>Das emissoras educativas, a TV Cultura, vinculada &agrave; Funda&ccedil;&atilde;o Padre Anchieta, foi a primeira a obter autoriza&ccedil;&atilde;o para testes junto ao governo. Ap&oacute;s ser penalizada pelo Minist&eacute;rio da Cultura, a institui&ccedil;&atilde;o obteve do &oacute;rg&atilde;o federal a aprova&ccedil;&atilde;o para utilizar a multiprograma&ccedil;&atilde;o em car&aacute;ter experimental e cient&iacute;fico. A informa&ccedil;&atilde;o &eacute; do site Tela Viva.<\/p>\n","protected":false},"excerpt":{"rendered":"<p>Reproduzido do Portal Imprensa A Comiss&atilde;o de Ci&ecirc;ncia e Tecnologia (CCT) da C&acirc;mara dos Deputados realizar&aacute; uma audi&ecirc;ncia p&uacute;blica para discutir o uso da multiprograma&ccedil;&atilde;o em emissoras de TV educativas e comerciais. O encontro, ainda sem data definida, foi proposto pela deputada Raquel Teixeira (PSDB-GO). Segundo a parlamentar, o objetivo da audi&ecirc;ncia ser&aacute; aprovar modifica&ccedil;&otilde;es &hellip; <a href=\"https:\/\/obscom.intervozes.org.br\/?p=22852\" class=\"more-link\">Continue lendo <span class=\"screen-reader-text\">C\u00e2mara dos Deputados realiza audi\u00eancia para discutir regras da multiprograma\u00e7\u00e3o em TV<\/span> <span class=\"meta-nav\">&rarr;<\/span><\/a><\/p>\n","protected":false},"author":1,"featured_media":0,"comment_status":"open","ping_status":"open","sticky":false,"template":"","format":"standard","meta":{"footnotes":""},"categories":[39],"tags":[],"_links":{"self":[{"href":"https:\/\/obscom.intervozes.org.br\/index.php?rest_route=\/wp\/v2\/posts\/22852"}],"collection":[{"href":"https:\/\/obscom.intervozes.org.br\/index.php?rest_route=\/wp\/v2\/posts"}],"about":[{"href":"https:\/\/obscom.intervozes.org.br\/index.php?rest_route=\/wp\/v2\/types\/post"}],"author":[{"embeddable":true,"href":"https:\/\/obscom.intervozes.org.br\/index.php?rest_route=\/wp\/v2\/users\/1"}],"replies":[{"embeddable":true,"href":"https:\/\/obscom.intervozes.org.br\/index.php?rest_route=%2Fwp%2Fv2%2Fcomments&post=22852"}],"version-history":[{"count":0,"href":"https:\/\/obscom.intervozes.org.br\/index.php?rest_route=\/wp\/v2\/posts\/22852\/revisions"}],"wp:attachment":[{"href":"https:\/\/obscom.intervozes.org.br\/index.php?rest_route=%2Fwp%2Fv2%2Fmedia&parent=22852"}],"wp:term":[{"taxonomy":"category","embeddable":true,"href":"https:\/\/obscom.intervozes.org.br\/index.php?rest_route=%2Fwp%2Fv2%2Fcategories&post=22852"},{"taxonomy":"post_tag","embeddable":true,"href":"https:\/\/obscom.intervozes.org.br\/index.php?rest_route=%2Fwp%2Fv2%2Ftags&post=22852"}],"curies":[{"name":"wp","href":"https:\/\/api.w.org\/{rel}","templated":true}]}}